{"id":164409,"date":"2025-02-21T19:33:04","date_gmt":"2025-02-21T22:33:04","guid":{"rendered":"https:\/\/cdnoticias.com\/?p=164409"},"modified":"2025-02-21T19:33:08","modified_gmt":"2025-02-21T22:33:08","slug":"por-mas-libertad-insiste-en-difundir-la-eliminacion-del-pago-de-sadaic","status":"publish","type":"post","link":"https:\/\/cdnoticias.com\/index.php\/2025\/02\/21\/por-mas-libertad-insiste-en-difundir-la-eliminacion-del-pago-de-sadaic\/","title":{"rendered":"Por M\u00e1s Libertad insiste en difundir la eliminaci\u00f3n del pago de Sadaic"},"content":{"rendered":"<p>Se trata de un proyecto de comunicaci\u00f3n presentado en el Concejo Deliberante.<!--more--><\/p>\n<hr \/>\n<p>El <strong>bloque Por M\u00e1s Libertad<\/strong> present\u00f3 en el <strong>Concejo Deliberante<\/strong> un <strong>proyecto de comunicaci\u00f3n<\/strong> solicitando al Departamento Ejecutivo Municipal que <strong>\u201carbitre los medios para difundir y garantizar el cumplimiento<\/strong>, en todo el ejido del Partido de Olavarr\u00eda, del <strong>Decreto Presidencial 765\/24<\/strong>&#8220;, el cual establece la <strong>eliminaci\u00f3n del pago de Sadaic.<\/strong><\/p>\n<p>Asimismo, se busca que se env\u00ede copia del decreto<strong> \u201cal Juzgado de Faltas Municipal para que tome conocimiento efectivo de dicha misiva\u201d<\/strong>.<\/p>\n<p style=\"text-align: left;\">Cabe recordar que la misma bancada hab\u00eda dado a conocer <a href=\"https:\/\/cdnoticias.com\/index.php\/2024\/12\/17\/una-concejal-busca-eliminar-el-pago-de-sadaic-en-olavarria\/\" target=\"_blank\" rel=\"noopener\">una medida similar a mediados de diciembre<\/a>. En los \u00faltimos d\u00edas, el <strong>bloque integrado por Marcelo Petehs y Adela Casamayor<\/strong> tambi\u00e9n impuls\u00f3 <a href=\"https:\/\/cdnoticias.com\/index.php\/2025\/02\/14\/por-mas-libertad-pidio-eliminar-el-cobro-de-alumbrado-publico-en-las-facturas-de-coopelectric\/\" target=\"_blank\" rel=\"noopener\">una iniciativa para eliminar el cobro de alumbrado p\u00fablico de las facturas de electricidad<\/a>.<\/p>\n<p>Se record\u00f3 que el <strong>decreto nacional 765\/24<\/strong>, aplicable desde septiembre de 2024, establece la <strong>eliminaci\u00f3n del pago a SADAIC por reproducir m\u00fasica en eventos privados<\/strong>, como fiestas, hoteles, bares y restaurantes.<\/p>\n<p>Incluye: <strong>a) Las fiestas que se desarrollan en un \u00e1mbito privado, sea este propio o alquilado para la ocasi\u00f3n<\/strong>, no deber\u00e1n pagar derechos intelectuales a SADAIC ni a AADI-CAPYF. Entran en este concepto de \u00e1mbito privado las fiestas de egresados, casamientos, cumplea\u00f1os, cenas organizadas por instituciones con venta anticipada y organizada de tarjetas, y todo evento con invitados individualizados, es decir, con acceso restringido.<\/p>\n<p><strong>b) Tampoco deber\u00e1n pagar<\/strong> dichos tributos los <strong>hoteles y cl\u00ednicas u hospitales<\/strong>, por los televisores que posean en sus habitaciones.<\/p>\n<p><strong>c) S\u00f3lo tributar\u00e1n los eventos realizados en \u00e1mbitos p\u00fablicos<\/strong>, es decir, aquellos con acceso de p\u00fablico libre y dirigidos a una pluralidad de personas, por ejemplo, bailes y recitales en clubes o discotecas.<\/p>\n<blockquote><p>&#8220;Consideramos que es necesario difundir e instar a los responsables locales de la Sociedad Argentina de Autores y Compositores (SADAYC), de la Asociaci\u00f3n Argentina de Int\u00e9rpretes (AADI) y la C\u00e1mara Argentina de Productores de Fonogramas y Videogramas (CAPYF), a que instruyan a sus agentes a respetar lo dispuesto en dicho Decreto, a los fines de no reclamar en eventos de car\u00e1cter privado cobros indebidos, y evitar as\u00ed la comisi\u00f3n de delitos tipificados en el C\u00f3digo Penal Argentino, y un enriquecimiento sin causa en el plano del derecho Civil&#8221; inform\u00f3 el bloque de concejales.<\/p><\/blockquote>\n","protected":false},"excerpt":{"rendered":"<p>Se trata de un proyecto de comunicaci\u00f3n presentado en el Concejo Deliberante.<\/p>\n","protected":false},"author":4,"featured_media":150985,"comment_status":"closed","ping_status":"closed","sticky":false,"template":"","format":"standard","meta":{"_jetpack_memberships_contains_paid_content":false,"footnotes":""},"categories":[4,1],"tags":[],"class_list":["post-164409","post","type-post","status-publish","format-standard","has-post-thumbnail","hentry","category-politica","category-portada"],"jetpack_featured_media_url":"https:\/\/i0.wp.com\/cdnoticias.com\/wp-content\/uploads\/2025\/02\/por-mas-libertad-hcd.jpg?fit=1000%2C600&ssl=1","jetpack_sharing_enabled":true,"_links":{"self":[{"href":"https:\/\/cdnoticias.com\/index.php\/wp-json\/wp\/v2\/posts\/164409","targetHints":{"allow":["GET"]}}],"collection":[{"href":"https:\/\/cdnoticias.com\/index.php\/wp-json\/wp\/v2\/posts"}],"about":[{"href":"https:\/\/cdnoticias.com\/index.php\/wp-json\/wp\/v2\/types\/post"}],"author":[{"embeddable":true,"href":"https:\/\/cdnoticias.com\/index.php\/wp-json\/wp\/v2\/users\/4"}],"replies":[{"embeddable":true,"href":"https:\/\/cdnoticias.com\/index.php\/wp-json\/wp\/v2\/comments?post=164409"}],"version-history":[{"count":0,"href":"https:\/\/cdnoticias.com\/index.php\/wp-json\/wp\/v2\/posts\/164409\/revisions"}],"wp:featuredmedia":[{"embeddable":true,"href":"https:\/\/cdnoticias.com\/index.php\/wp-json\/wp\/v2\/media\/150985"}],"wp:attachment":[{"href":"https:\/\/cdnoticias.com\/index.php\/wp-json\/wp\/v2\/media?parent=164409"}],"wp:term":[{"taxonomy":"category","embeddable":true,"href":"https:\/\/cdnoticias.com\/index.php\/wp-json\/wp\/v2\/categories?post=164409"},{"taxonomy":"post_tag","embeddable":true,"href":"https:\/\/cdnoticias.com\/index.php\/wp-json\/wp\/v2\/tags?post=164409"}],"curies":[{"name":"wp","href":"https:\/\/api.w.org\/{rel}","templated":true}]}}