{"id":16438,"date":"2021-03-17T12:14:27","date_gmt":"2021-03-17T15:14:27","guid":{"rendered":"http:\/\/www.centraldenoticias.com.ar\/?p=16438"},"modified":"2021-03-17T13:12:27","modified_gmt":"2021-03-17T16:12:27","slug":"con-fondos-municipales-se-haran-las-cloacas-en-facundo-quiroga","status":"publish","type":"post","link":"https:\/\/cdnoticias.com\/index.php\/2021\/03\/17\/con-fondos-municipales-se-haran-las-cloacas-en-facundo-quiroga\/","title":{"rendered":"Con fondos municipales se har\u00e1n las cloacas en barrio Facundo Quiroga"},"content":{"rendered":"<p>Lo anunci\u00f3 Ezequiel Galli este mi\u00e9rcoles. Adem\u00e1s, adelant\u00f3 que la Municipalidad proyecta la pavimentaci\u00f3n de avenida Pueyrred\u00f3n entre La Rioja y Circunvalaci\u00f3n.<!--more--><\/p>\n<hr \/>\n<p><strong>El intendente Ezequiel Galli anunci\u00f3 dos obras de importancia para el desarrollo urbano local<\/strong>: se proyecta la extensi\u00f3n de la red de cloacas en el barrio Facundo Quiroga y la pavimentaci\u00f3n de avenida Pueyrred\u00f3n entre La Rioja y Circunvalaci\u00f3n.<\/p>\n<p>&nbsp;<\/p>\n<p>En una entrevista que cedi\u00f3 al programa \u201cEntre amigos\u201d de LU 23 este mi\u00e9rcoles habl\u00f3 de diversos temas de la gesti\u00f3n local y, entre ellos, se refiri\u00f3 a <strong>las obras en avance y a las proyectadas<\/strong>. Diferenci\u00f3 las obras que se planifican con recursos municipales, las que se concretar\u00e1n con recursos provincial del Fondo de Infraestructura Municipal (FIM) y las que financiar\u00e1 en base a los acuerdos firmados con el ministro de Infraestructura de la Naci\u00f3n, Gabriel Katopodis. Acerca de estas \u00faltimas indic\u00f3 que \u201cya se empiezan a firmar los contratos\u201d.<\/p>\n<p>&nbsp;<\/p>\n<blockquote><p>Luego pas\u00f3 al anuncio: \u201cestamos proyectando las cloacas en el Facundo Quiroga 1 para hacerlas con recursos municipales\u201d expres\u00f3 el intendente.<\/p><\/blockquote>\n<p>&nbsp;<\/p>\n<p>Tuvo en cuenta que otros barrios de ese sector ya cuentan con la red y, adem\u00e1s, defini\u00f3 que <strong>\u201ces una linda noticia porque desde 2014 que empec\u00e9 a caminar en el barrio durante la campa\u00f1a me lo han pedido mucho\u201d<\/strong>.<\/p>\n<p>&nbsp;<\/p>\n<p>Adem\u00e1s, inform\u00f3 que <strong>contin\u00faan las obras de cloacas en los barrios Luj\u00e1n e Hip\u00f3lito Yrigoyen<\/strong>.<\/p>\n<p>&nbsp;<\/p>\n<p>A su vez, se refiri\u00f3 a la<strong> ampliaci\u00f3n del Hospital Municipal<\/strong> sobre la que<a href=\"https:\/\/cdnoticias.com\/index.php\/2021\/03\/05\/reactivacion-de-obras-y-el-debate-por-el-transporte-interurbano-lo-destacado\/\" target=\"_blank\" rel=\"noopener\"> hab\u00eda expuesto en el discurso<\/a> de apertura de sesiones del Concejo Deliberante. <strong>\u201cSe reactiv\u00f3 esta semana para poder finalizar, con recursos municipales, el nuevo pabell\u00f3n del Hospital `H\u00e9ctor Cura\u00b4\u201d<\/strong> dijo Galli quien consider\u00f3 que se trata de una mejora \u201cclave para el crecimiento demogr\u00e1fico de Olavarr\u00eda\u201d. El plazo estimado de obra es de 15 meses.<\/p>\n<p>&nbsp;<\/p>\n<blockquote><p>El segundo anuncio destacado del jefe comunal fue de pavimentaci\u00f3n: \u201chemos proyectado la pavimentaci\u00f3n de avenida Pueyrred\u00f3n entre La Rioja y Circunvalaci\u00f3n\u201d. Consider\u00f3 que, entre los beneficios de la obra, se \u201cdescomprimir\u00e1 el tr\u00e1nsito\u201d por las avenidas Avellaneda y Del Valle en ese sector de la ciudad.<\/p><\/blockquote>\n<p>&nbsp;<\/p>\n<p>Respecto de la<strong> extensi\u00f3n de redes de servicios<\/strong>, indic\u00f3 que se proyectan en el alumbrado, en el gas y en el agua.<\/p>\n<p>&nbsp;<\/p>\n<p>Por \u00faltimo, cit\u00f3 la reciente inauguraci\u00f3n de la <a href=\"https:\/\/cdnoticias.com\/index.php\/2021\/02\/10\/fue-inaugurada-la-luminaria-del-sector-industrial-los-fresnos\/\" target=\"_blank\" rel=\"noopener\">iluminaci\u00f3n del parque industrial Los Fresnos<\/a> y a\u00f1adi\u00f3 que <strong>se licitar\u00e1 en breve la pavimentaci\u00f3n del acceso<\/strong>. Para el desarrollo del parque, el Municipio trabaja con la concesionaria Camuzzi <strong>\u201cen la planta reguladora de gas\u201d<\/strong> y, desde la Secretar\u00eda de Obras P\u00fablicas, <strong>se proyecta la red de cloacas<\/strong> para presentar al Ente Nacional de Obras H\u00eddricas de Saneamiento (Enhosa).<\/p>\n<p>&nbsp;<\/p>\n","protected":false},"excerpt":{"rendered":"<p>Lo anunci\u00f3 Ezequiel Galli este mi\u00e9rcoles. Adem\u00e1s, adelant\u00f3 que la Municipalidad proyecta la pavimentaci\u00f3n de avenida Pueyrred\u00f3n entre La Rioja<\/p>\n","protected":false},"author":4,"featured_media":9342,"comment_status":"closed","ping_status":"closed","sticky":false,"template":"","format":"standard","meta":{"_jetpack_memberships_contains_paid_content":false,"footnotes":""},"categories":[5,1],"tags":[],"class_list":["post-16438","post","type-post","status-publish","format-standard","has-post-thumbnail","hentry","category-informacion-general","category-portada"],"jetpack_featured_media_url":"https:\/\/i0.wp.com\/cdnoticias.com\/wp-content\/uploads\/2020\/12\/Ezequiel-Galli-Entrevista2.jpg?fit=1280%2C855&ssl=1","jetpack_sharing_enabled":true,"_links":{"self":[{"href":"https:\/\/cdnoticias.com\/index.php\/wp-json\/wp\/v2\/posts\/16438","targetHints":{"allow":["GET"]}}],"collection":[{"href":"https:\/\/cdnoticias.com\/index.php\/wp-json\/wp\/v2\/posts"}],"about":[{"href":"https:\/\/cdnoticias.com\/index.php\/wp-json\/wp\/v2\/types\/post"}],"author":[{"embeddable":true,"href":"https:\/\/cdnoticias.com\/index.php\/wp-json\/wp\/v2\/users\/4"}],"replies":[{"embeddable":true,"href":"https:\/\/cdnoticias.com\/index.php\/wp-json\/wp\/v2\/comments?post=16438"}],"version-history":[{"count":0,"href":"https:\/\/cdnoticias.com\/index.php\/wp-json\/wp\/v2\/posts\/16438\/revisions"}],"wp:featuredmedia":[{"embeddable":true,"href":"https:\/\/cdnoticias.com\/index.php\/wp-json\/wp\/v2\/media\/9342"}],"wp:attachment":[{"href":"https:\/\/cdnoticias.com\/index.php\/wp-json\/wp\/v2\/media?parent=16438"}],"wp:term":[{"taxonomy":"category","embeddable":true,"href":"https:\/\/cdnoticias.com\/index.php\/wp-json\/wp\/v2\/categories?post=16438"},{"taxonomy":"post_tag","embeddable":true,"href":"https:\/\/cdnoticias.com\/index.php\/wp-json\/wp\/v2\/tags?post=16438"}],"curies":[{"name":"wp","href":"https:\/\/api.w.org\/{rel}","templated":true}]}}