{"id":164375,"date":"2025-02-17T08:58:17","date_gmt":"2025-02-17T11:58:17","guid":{"rendered":"https:\/\/cdnoticias.com\/?p=164375"},"modified":"2025-02-17T14:17:01","modified_gmt":"2025-02-17T17:17:01","slug":"loma-negra-desvinculo-al-responsable-del-futbol-del-club","status":"publish","type":"post","link":"https:\/\/cdnoticias.com\/index.php\/2025\/02\/17\/loma-negra-desvinculo-al-responsable-del-futbol-del-club\/","title":{"rendered":"Loma Negra desvincul\u00f3 al responsable del f\u00fatbol del Club"},"content":{"rendered":"\n<p>Indicaron mediante un comunicado que Cristian Saut\u00fa fue \u201cdesvinculado\u201d como dirigente de f\u00fatbol.<\/p>\n\n\n\n<hr class=\"wp-block-separator aligncenter has-alpha-channel-opacity\"\/>\n\n\n\n<p>La <strong>Comisi\u00f3n Directiva del Club Social y Deportivo Loma Negra inform\u00f3 la desvinculaci\u00f3n de Cristian Saut\u00fa como dirigente <\/strong>a cargo del f\u00fatbol del club de la localidad.<\/p>\n\n\n\n<p>La medida se aplica desde el <strong>13 de febrero.<\/strong><\/p>\n\n\n\n<p><strong><em>\u201cEl F\u00fatbol quedar\u00e1 a cargo temporalmente del coordinador deportivo Andr\u00e9s \u00c1lvarez y las actividades se continuar\u00e1n desarrollando con normalidad\u201d <\/em><\/strong>se indic\u00f3.<\/p>\n\n\n\n<p>Por cualquier consulta o para pagos de la disciplina, <strong>podr\u00e1n comunicarse o acercarse a la secretar\u00eda del Club, de lunes a viernes de 08:00 a 14:00 horas.<\/strong> <\/p>\n","protected":false},"excerpt":{"rendered":"<p>Indicaron mediante un comunicado que Cristian Saut\u00fa fue \u201cdesvinculado\u201d como dirigente de f\u00fatbol. La Comisi\u00f3n Directiva del Club Social y<\/p>\n","protected":false},"author":2,"featured_media":164376,"comment_status":"closed","ping_status":"closed","sticky":false,"template":"","format":"standard","meta":{"_jetpack_memberships_contains_paid_content":false,"footnotes":""},"categories":[29,35,1],"tags":[],"class_list":["post-164375","post","type-post","status-publish","format-standard","has-post-thumbnail","hentry","category-deportes","category-futbol","category-portada"],"jetpack_featured_media_url":"https:\/\/i0.wp.com\/cdnoticias.com\/wp-content\/uploads\/2025\/02\/club-loma-negra.jpeg?fit=1200%2C596&ssl=1","jetpack_sharing_enabled":true,"_links":{"self":[{"href":"https:\/\/cdnoticias.com\/index.php\/wp-json\/wp\/v2\/posts\/164375","targetHints":{"allow":["GET"]}}],"collection":[{"href":"https:\/\/cdnoticias.com\/index.php\/wp-json\/wp\/v2\/posts"}],"about":[{"href":"https:\/\/cdnoticias.com\/index.php\/wp-json\/wp\/v2\/types\/post"}],"author":[{"embeddable":true,"href":"https:\/\/cdnoticias.com\/index.php\/wp-json\/wp\/v2\/users\/2"}],"replies":[{"embeddable":true,"href":"https:\/\/cdnoticias.com\/index.php\/wp-json\/wp\/v2\/comments?post=164375"}],"version-history":[{"count":0,"href":"https:\/\/cdnoticias.com\/index.php\/wp-json\/wp\/v2\/posts\/164375\/revisions"}],"wp:featuredmedia":[{"embeddable":true,"href":"https:\/\/cdnoticias.com\/index.php\/wp-json\/wp\/v2\/media\/164376"}],"wp:attachment":[{"href":"https:\/\/cdnoticias.com\/index.php\/wp-json\/wp\/v2\/media?parent=164375"}],"wp:term":[{"taxonomy":"category","embeddable":true,"href":"https:\/\/cdnoticias.com\/index.php\/wp-json\/wp\/v2\/categories?post=164375"},{"taxonomy":"post_tag","embeddable":true,"href":"https:\/\/cdnoticias.com\/index.php\/wp-json\/wp\/v2\/tags?post=164375"}],"curies":[{"name":"wp","href":"https:\/\/api.w.org\/{rel}","templated":true}]}}