{"id":164374,"date":"2025-02-17T08:58:52","date_gmt":"2025-02-17T11:58:52","guid":{"rendered":"https:\/\/cdnoticias.com\/?p=164374"},"modified":"2025-02-17T08:58:56","modified_gmt":"2025-02-17T11:58:56","slug":"inmobiliario-rural-el-campo-pagara-menos-impuestos-este-ano","status":"publish","type":"post","link":"https:\/\/cdnoticias.com\/index.php\/2025\/02\/17\/inmobiliario-rural-el-campo-pagara-menos-impuestos-este-ano\/","title":{"rendered":"Inmobiliario Rural: el campo pagar\u00e1 menos impuestos este a\u00f1o"},"content":{"rendered":"<p>La medida beneficiar\u00e1 a las 309.400 partidas rurales que tributan en la provincia de Buenos Aires. La primera cuota de 2025, con vencimiento el 8 de abril, mantendr\u00e1 el mismo valor nominal que en 2024.<!--more--><\/p>\n<hr \/>\n<p>Durante este a\u00f1o los <strong>productores agropecuarios bonaerenses<\/strong> pagar\u00e1n<strong> menos<\/strong> en concepto de<strong> Impuesto Inmobiliario Rural<\/strong>. La medida <strong>beneficiar\u00e1 a las 309.400 partidas rurales<\/strong> que tributan en la provincia de Buenos Aires.<\/p>\n<p>ARBA implementar\u00e1 un <strong>esquema de bonificaciones que incluye descuentos del 5% por buen cumplimiento<\/strong> y, por primera vez, una <strong>bonificaci\u00f3n del 10% por pago anual anticipado<\/strong>, que podr\u00e1 combinarse con otros beneficios. Los contribuyentes que opten por el<strong> d\u00e9bito autom\u00e1tic<\/strong>o obtendr\u00e1n una<strong> reducci\u00f3n adicional<\/strong> <strong>del 5% por cuota<\/strong>, se inform\u00f3 desde el organismo.<\/p>\n<blockquote><p>La primera cuota de 2025, con vencimiento el 8 de abril, mantendr\u00e1 el mismo valor nominal que en 2024, lo que representa una significativa reducci\u00f3n en t\u00e9rminos reales considerando el contexto inflacionario. El calendario continuar\u00e1 con vencimientos el 12 de junio, 11 de septiembre y 12 de noviembre.<\/p><\/blockquote>\n<blockquote class=\"wp-embedded-content\" data-secret=\"54DDVOBJ1W\"><p><a href=\"https:\/\/cdnoticias.com\/index.php\/2025\/01\/31\/arba-establecio-las-fechas-de-vencimiento-de-los-impuestos-patrimoniales\/\">ARBA estableci\u00f3 las fechas de vencimiento de los impuestos patrimoniales<\/a><\/p><\/blockquote>\n<p><iframe loading=\"lazy\" class=\"wp-embedded-content\" sandbox=\"allow-scripts\" security=\"restricted\" style=\"position: absolute; visibility: hidden;\" title=\"&#8220;ARBA estableci\u00f3 las fechas de vencimiento de los impuestos patrimoniales&#8221; &#8212; Central de Noticias | Olavarr\u00eda\" src=\"https:\/\/cdnoticias.com\/index.php\/2025\/01\/31\/arba-establecio-las-fechas-de-vencimiento-de-los-impuestos-patrimoniales\/embed\/#?secret=TGjgsxZ1zg#?secret=54DDVOBJ1W\" data-secret=\"54DDVOBJ1W\" width=\"600\" height=\"338\" frameborder=\"0\" marginwidth=\"0\" marginheight=\"0\" scrolling=\"no\"><\/iframe><\/p>\n<h3>La estructura tributaria<\/h3>\n<p>La estructura tributaria implementada desde 2020 refleja uno de los pilares fundamentales de la gesti\u00f3n: <strong>dar mayor progresividad al sistema impositivo bonaerense<\/strong>, eliminando privilegios a los sectores de mayor capacidad contributiva y reduciendo la presi\u00f3n sobre peque\u00f1os y medianos productores.<\/p>\n<blockquote><p>Esta pol\u00edtica, reza el comunicado difundido desde ARBA, se tradujo en una reducci\u00f3n escalonada de la carga fiscal: mientras que el 50% de las partidas rurales de menor valuaci\u00f3n -unas 154.700 propiedades- experiment\u00f3 una disminuci\u00f3n del 87% en el valor promedio del impuesto, el segmento intermedio -que representa el 40% del padr\u00f3n- registr\u00f3 una baja del 19%.<\/p><\/blockquote>\n<p>En tanto, <strong>las propiedades de mayor valor<\/strong> (que constituyen el 10% restante y concentran la mayor capacidad contributiva) <strong>tuvieron una reducci\u00f3n m\u00e1s moderada, del 5,6%<\/strong>. De esta manera, se consolid\u00f3 un esquema donde la contribuci\u00f3n se ajusta seg\u00fan la capacidad econ\u00f3mica de cada sector, garantizando mayor equidad en el sistema tributario provincial.<\/p>\n<h3>Amparo presentado por productores rurales<\/h3>\n<p><a href=\"https:\/\/cdnoticias.com\/index.php\/2025\/02\/07\/cuota-4-del-impuesto-inmobiliario-rural-la-justicia-fallo-a-favor-de-arba\/\" target=\"_blank\" rel=\"noopener\">La Justicia bonaerense rechaz\u00f3 definitivamente el amparo<\/a> presentado por productores rurales que pretend\u00edan el rec\u00e1lculo del Impuesto Inmobiliario Rural 2024. El fallo del Juzgado Civil y Comercial N\u00b0 4 de Azul desestim\u00f3 los argumentos sobre presunta confiscatoriedad y ratific\u00f3 la legalidad del esquema tributario vigente.<\/p>\n<p>\u201cLamentablemente, desde la oposici\u00f3n hicieron un uso pol\u00edtico del tema, con Espert y dirigentes del PRO llamando a la rebeli\u00f3n fiscal. En los hechos, lo \u00fanico que lograron fue hacerles perder plata y tiempo a un grupo de productores\u201d, se\u00f1al\u00f3 Cristian Girard, director de ARBA, quien adem\u00e1s destac\u00f3: \u201cFinalmente, lo que ocurri\u00f3 fue que la Justicia desech\u00f3 la cautelar y resolvi\u00f3 el fondo. Dijo que no hab\u00eda ninguna ilegalidad en el proceso de emisi\u00f3n de impuestos y rechaz\u00f3 el planteo de los productores. Qu\u00e9dense tranquilos que ARBA est\u00e1 emitiendo los impuestos, seg\u00fan establece la Ley\u201d.<\/p>\n<p>Fuente: <em>Agencia DIB<\/em><\/p>\n","protected":false},"excerpt":{"rendered":"<p>La medida beneficiar\u00e1 a las 309.400 partidas rurales que tributan en la provincia de Buenos Aires. La primera cuota de<\/p>\n","protected":false},"author":4,"featured_media":132717,"comment_status":"closed","ping_status":"closed","sticky":false,"template":"","format":"standard","meta":{"_jetpack_memberships_contains_paid_content":false,"footnotes":""},"categories":[6,1],"tags":[],"class_list":["post-164374","post","type-post","status-publish","format-standard","has-post-thumbnail","hentry","category-nacionales","category-portada"],"jetpack_featured_media_url":"https:\/\/i0.wp.com\/cdnoticias.com\/wp-content\/uploads\/2024\/12\/tranquera-campo.jpg?fit=1000%2C556&ssl=1","jetpack_sharing_enabled":true,"_links":{"self":[{"href":"https:\/\/cdnoticias.com\/index.php\/wp-json\/wp\/v2\/posts\/164374","targetHints":{"allow":["GET"]}}],"collection":[{"href":"https:\/\/cdnoticias.com\/index.php\/wp-json\/wp\/v2\/posts"}],"about":[{"href":"https:\/\/cdnoticias.com\/index.php\/wp-json\/wp\/v2\/types\/post"}],"author":[{"embeddable":true,"href":"https:\/\/cdnoticias.com\/index.php\/wp-json\/wp\/v2\/users\/4"}],"replies":[{"embeddable":true,"href":"https:\/\/cdnoticias.com\/index.php\/wp-json\/wp\/v2\/comments?post=164374"}],"version-history":[{"count":0,"href":"https:\/\/cdnoticias.com\/index.php\/wp-json\/wp\/v2\/posts\/164374\/revisions"}],"wp:featuredmedia":[{"embeddable":true,"href":"https:\/\/cdnoticias.com\/index.php\/wp-json\/wp\/v2\/media\/132717"}],"wp:attachment":[{"href":"https:\/\/cdnoticias.com\/index.php\/wp-json\/wp\/v2\/media?parent=164374"}],"wp:term":[{"taxonomy":"category","embeddable":true,"href":"https:\/\/cdnoticias.com\/index.php\/wp-json\/wp\/v2\/categories?post=164374"},{"taxonomy":"post_tag","embeddable":true,"href":"https:\/\/cdnoticias.com\/index.php\/wp-json\/wp\/v2\/tags?post=164374"}],"curies":[{"name":"wp","href":"https:\/\/api.w.org\/{rel}","templated":true}]}}