{"id":164372,"date":"2025-02-17T08:37:41","date_gmt":"2025-02-17T11:37:41","guid":{"rendered":"https:\/\/cdnoticias.com\/?p=164372"},"modified":"2025-02-17T11:40:46","modified_gmt":"2025-02-17T14:40:46","slug":"jose-luis-veyrand-fue-reincorporado-a-sus-labores-en-la-agencia-local-de-pami","status":"publish","type":"post","link":"https:\/\/cdnoticias.com\/index.php\/2025\/02\/17\/jose-luis-veyrand-fue-reincorporado-a-sus-labores-en-la-agencia-local-de-pami\/","title":{"rendered":"Jos\u00e9 Luis Veyrand fue reincorporado a sus labores en la agencia local de PAMI"},"content":{"rendered":"\n<p>Hab\u00eda sido despedido a fines de enero: Guillermo Lascano confirm\u00f3 que retrotrajeron la decisi\u00f3n del organismo a nivel nacional.<\/p>\n\n\n\n<hr class=\"wp-block-separator aligncenter has-alpha-channel-opacity\"\/>\n\n\n\n<p>Este lunes<strong>, el dirigente fomentista y trabajador de PAMI que hab\u00eda sido despedido de la agencia local de PAMI, Jos\u00e9 Luis Veyrand, fue reincorporado <\/strong>a sus labores tras retrotraer la medida tomada a nivel nacional.<\/p>\n\n\n\n<p>El anuncio fue confirmado por el titular de la agencia,<strong> Guillermo Lascano, tras dar cuenta que lleg\u00f3 la resoluci\u00f3n firmada por la Direcci\u00f3n Ejecutiva del Instituto Nacional de Servicios Sociales para Jubilados y Pensionados con fecha del 13 de febrero.<\/strong><\/p>\n\n\n\n<p>La misma expresa <em><strong>\u201cdejar sin efecto en todos sus t\u00e9rminos el dictado de la Resoluci\u00f3n (\u2026) por la que se procediera a la desvinculaci\u00f3n del trabajador Jos\u00e9 Luis Veyrand de la UGL XXX-Azul, dependiente de la Unidad T\u00e9cnico Operativa\u201d.<\/strong><\/em> En la nueva normativa se reconoce que el despido se produjo<em> \u201csin invocaci\u00f3n de causa\u201d.<\/em><\/p>\n\n\n\n<p>Seg\u00fan expres\u00f3 <strong>Lascano al newsletter local Volver a las Fuentes,<\/strong> la cantidad de empleados del organismo es la clave del tema para las decisiones del Gobierno Nacional, y ah\u00ed apunt\u00f3 primero el dirigente local. <em>\u201cLa verdad que la peleamos porque la agencia de Olavarr\u00eda desde el 2023 tuvo cuatro bajas por jubilaci\u00f3n. Es decir, de 31 pasamos a 27. Este a\u00f1o se jubilan dos trabajadores m\u00e1s y cinco personas m\u00e1s alcanzar\u00edan la edad jubilatoria. Es decir, en el 2025 la agencia funcionar\u00eda con 20 personas, un 32% menos que cuando asumimos\u201d<\/em> plante\u00f3. \u00a0<\/p>\n\n\n\n<p>En cuanto a lo personal, Lascano valor\u00f3 a Veyrand: <em><strong>\u201ces un excelente empleado, creo que la Agencia iba a necesitar recursos adicionales, es por eso que preparamos un buen informe y nos comprometimos a no incorporar nuevo personal en el futuro inmediato para sustituir a los que se retiran si se reincorporaba Jos\u00e9 Luis\u201d.<\/strong><\/em><\/p>\n\n\n\n<p>Las gestiones para deshacer el despido fueron hasta \u201clo m\u00e1s alto de LLA\u201d. En la UGL XXX hubo dos despidos el mes pasado, el de Olavarr\u00eda y uno en Las Flores: <em><strong>\u201cs\u00f3lo se revoc\u00f3 la resoluci\u00f3n de Jos\u00e9 Luis\u201d <\/strong><\/em>remarc\u00f3 el titular de PAMI local. Concluy\u00f3 en que<em> \u201cpor suerte se prioriz\u00f3 el sentido com\u00fan y todos contentos\u201d.<\/em><\/p>\n","protected":false},"excerpt":{"rendered":"<p>Hab\u00eda sido despedido a fines de enero: Guillermo Lascano confirm\u00f3 que retrotrajeron la decisi\u00f3n del organismo a nivel nacional. Este<\/p>\n","protected":false},"author":2,"featured_media":140233,"comment_status":"closed","ping_status":"closed","sticky":false,"template":"","format":"standard","meta":{"_jetpack_memberships_contains_paid_content":false,"footnotes":""},"categories":[5,1],"tags":[],"class_list":["post-164372","post","type-post","status-publish","format-standard","has-post-thumbnail","hentry","category-informacion-general","category-portada"],"jetpack_featured_media_url":"https:\/\/i0.wp.com\/cdnoticias.com\/wp-content\/uploads\/2025\/01\/jose-luis-veyrand.jpg?fit=1000%2C557&ssl=1","jetpack_sharing_enabled":true,"_links":{"self":[{"href":"https:\/\/cdnoticias.com\/index.php\/wp-json\/wp\/v2\/posts\/164372","targetHints":{"allow":["GET"]}}],"collection":[{"href":"https:\/\/cdnoticias.com\/index.php\/wp-json\/wp\/v2\/posts"}],"about":[{"href":"https:\/\/cdnoticias.com\/index.php\/wp-json\/wp\/v2\/types\/post"}],"author":[{"embeddable":true,"href":"https:\/\/cdnoticias.com\/index.php\/wp-json\/wp\/v2\/users\/2"}],"replies":[{"embeddable":true,"href":"https:\/\/cdnoticias.com\/index.php\/wp-json\/wp\/v2\/comments?post=164372"}],"version-history":[{"count":0,"href":"https:\/\/cdnoticias.com\/index.php\/wp-json\/wp\/v2\/posts\/164372\/revisions"}],"wp:featuredmedia":[{"embeddable":true,"href":"https:\/\/cdnoticias.com\/index.php\/wp-json\/wp\/v2\/media\/140233"}],"wp:attachment":[{"href":"https:\/\/cdnoticias.com\/index.php\/wp-json\/wp\/v2\/media?parent=164372"}],"wp:term":[{"taxonomy":"category","embeddable":true,"href":"https:\/\/cdnoticias.com\/index.php\/wp-json\/wp\/v2\/categories?post=164372"},{"taxonomy":"post_tag","embeddable":true,"href":"https:\/\/cdnoticias.com\/index.php\/wp-json\/wp\/v2\/tags?post=164372"}],"curies":[{"name":"wp","href":"https:\/\/api.w.org\/{rel}","templated":true}]}}