{"id":164370,"date":"2025-02-17T08:27:55","date_gmt":"2025-02-17T11:27:55","guid":{"rendered":"https:\/\/cdnoticias.com\/?p=164370"},"modified":"2025-02-17T08:27:59","modified_gmt":"2025-02-17T11:27:59","slug":"marta-juana-ramirez-viuda-de-donofrio-pichi-q-e-p-d","status":"publish","type":"post","link":"https:\/\/cdnoticias.com\/index.php\/2025\/02\/17\/marta-juana-ramirez-viuda-de-donofrio-pichi-q-e-p-d\/","title":{"rendered":"Marta Juana Ram\u00edrez viuda de D&#8217;onofrio &#8220;Pichi&#8221; (Q.E.P.D.)"},"content":{"rendered":"\n<hr class=\"wp-block-separator aligncenter has-alpha-channel-opacity\"\/>\n\n\n\n<p>Falleci\u00f3 en Olavarr\u00eda el 16 de febrero de 2025 a los 81 a\u00f1os. Sus hijos Marta Ram\u00edrez y Vicente Leal. Sus hijos pol\u00edticos Sergio C\u00f3rdoba y Claudia Paredes. Sus nietos Nicol\u00e1s, Ramiro, Mauricio C\u00f3rdoba; Yamila y Renzo Leal. Sus nietos Natalia Faiat, Romina Avalos, Lucia C\u00f3rdoba; Diego Pinchetore. Sus bisnietos Lucas, Morena, Gabriel, Naomi y Ciro C\u00f3rdoba. Sus hermanos. Sus hermanos pol\u00edticos. Sus sobrinos y dem\u00e1s deudos participan su fallecimiento.<\/p>\n\n\n\n<p>Sus restos ser\u00e1n velados en la Sala de Espa\u00f1a 2942 departamento \u201cC\u201d e inhumados en el Cementerio Loma de Paz este martes 18 de febrero a las 08:30 horas. Servicio adherido a Coopelectric.<\/p>\n\n\n\n<p>Nacida en Daireaux, vecina de barrio Hip\u00f3lito Yrigoyen, jubilada.<\/p>\n","protected":false},"excerpt":{"rendered":"<p>Falleci\u00f3 en Olavarr\u00eda el 16 de febrero de 2025 a los 81 a\u00f1os. Sus hijos Marta Ram\u00edrez y Vicente Leal.<\/p>\n","protected":false},"author":2,"featured_media":100390,"comment_status":"closed","ping_status":"closed","sticky":false,"template":"","format":"standard","meta":{"_jetpack_memberships_contains_paid_content":false,"footnotes":""},"categories":[10],"tags":[],"class_list":["post-164370","post","type-post","status-publish","format-standard","has-post-thumbnail","hentry","category-necrologicas"],"jetpack_featured_media_url":"https:\/\/i0.wp.com\/cdnoticias.com\/wp-content\/uploads\/2023\/10\/necrologicas-390-x-240.jpg?fit=390%2C240&ssl=1","jetpack_sharing_enabled":true,"_links":{"self":[{"href":"https:\/\/cdnoticias.com\/index.php\/wp-json\/wp\/v2\/posts\/164370","targetHints":{"allow":["GET"]}}],"collection":[{"href":"https:\/\/cdnoticias.com\/index.php\/wp-json\/wp\/v2\/posts"}],"about":[{"href":"https:\/\/cdnoticias.com\/index.php\/wp-json\/wp\/v2\/types\/post"}],"author":[{"embeddable":true,"href":"https:\/\/cdnoticias.com\/index.php\/wp-json\/wp\/v2\/users\/2"}],"replies":[{"embeddable":true,"href":"https:\/\/cdnoticias.com\/index.php\/wp-json\/wp\/v2\/comments?post=164370"}],"version-history":[{"count":0,"href":"https:\/\/cdnoticias.com\/index.php\/wp-json\/wp\/v2\/posts\/164370\/revisions"}],"wp:featuredmedia":[{"embeddable":true,"href":"https:\/\/cdnoticias.com\/index.php\/wp-json\/wp\/v2\/media\/100390"}],"wp:attachment":[{"href":"https:\/\/cdnoticias.com\/index.php\/wp-json\/wp\/v2\/media?parent=164370"}],"wp:term":[{"taxonomy":"category","embeddable":true,"href":"https:\/\/cdnoticias.com\/index.php\/wp-json\/wp\/v2\/categories?post=164370"},{"taxonomy":"post_tag","embeddable":true,"href":"https:\/\/cdnoticias.com\/index.php\/wp-json\/wp\/v2\/tags?post=164370"}],"curies":[{"name":"wp","href":"https:\/\/api.w.org\/{rel}","templated":true}]}}