{"id":164360,"date":"2025-02-16T18:34:01","date_gmt":"2025-02-16T21:34:01","guid":{"rendered":"https:\/\/cdnoticias.com\/?p=164360"},"modified":"2025-02-17T08:38:03","modified_gmt":"2025-02-17T11:38:03","slug":"rige-una-alerta-amarilla-por-vientos-para-el-lunes-en-olavarria","status":"publish","type":"post","link":"https:\/\/cdnoticias.com\/index.php\/2025\/02\/16\/rige-una-alerta-amarilla-por-vientos-para-el-lunes-en-olavarria\/","title":{"rendered":"Rige una alerta amarilla por vientos para el lunes en Olavarr\u00eda"},"content":{"rendered":"\n<p>La advertencia fue emitida por el Servicio Meteorol\u00f3gico Nacional. Las r\u00e1fagas podr\u00edan superar los 70 km\/h.<\/p>\n\n\n\n<hr class=\"wp-block-separator has-alpha-channel-opacity\"\/>\n\n\n\n<p>El Servicio Meteorol\u00f3gico Nacional (SMN) emiti\u00f3 un <strong>alerta color amarillo por vientos para Olavarr\u00eda.<\/strong><\/p>\n\n\n\n<p><\/p>\n\n\n\n<p>La advertencia rige para este <strong>lunes 17 de febrero para la tarde y noche. <\/strong>Abarca tambi\u00e9n a las ciudades de Laprida y General La Madrid.<\/p>\n\n\n\n<p><\/p>\n\n\n\n<p>Seg\u00fan indic\u00f3 el organismo nacional, <strong>\u201cel \u00e1rea ser\u00e1 afectada por vientos del sector sur con velocidades entre los 20 y 40 km\/h, con r\u00e1fagas pueden superar los 70 km\/h\u201d.<\/strong><\/p>\n\n\n\n<p><\/p>\n\n\n\n<p>Por otra parte, se espera una temperatura m\u00ednima de 11\u00b0 y una m\u00e1xima de 29\u00b0 con cielo parcialmente nublado.<\/p>\n","protected":false},"excerpt":{"rendered":"<p>La advertencia fue emitida por el Servicio Meteorol\u00f3gico Nacional. Las r\u00e1fagas podr\u00edan superar los 70 km\/h. El Servicio Meteorol\u00f3gico Nacional<\/p>\n","protected":false},"author":5,"featured_media":130050,"comment_status":"closed","ping_status":"closed","sticky":false,"template":"","format":"standard","meta":{"_jetpack_memberships_contains_paid_content":false,"footnotes":""},"categories":[5,1],"tags":[],"class_list":["post-164360","post","type-post","status-publish","format-standard","has-post-thumbnail","hentry","category-informacion-general","category-portada"],"jetpack_featured_media_url":"https:\/\/i0.wp.com\/cdnoticias.com\/wp-content\/uploads\/2024\/11\/parque-viento-cielo.jpeg?fit=1000%2C556&ssl=1","jetpack_sharing_enabled":true,"_links":{"self":[{"href":"https:\/\/cdnoticias.com\/index.php\/wp-json\/wp\/v2\/posts\/164360","targetHints":{"allow":["GET"]}}],"collection":[{"href":"https:\/\/cdnoticias.com\/index.php\/wp-json\/wp\/v2\/posts"}],"about":[{"href":"https:\/\/cdnoticias.com\/index.php\/wp-json\/wp\/v2\/types\/post"}],"author":[{"embeddable":true,"href":"https:\/\/cdnoticias.com\/index.php\/wp-json\/wp\/v2\/users\/5"}],"replies":[{"embeddable":true,"href":"https:\/\/cdnoticias.com\/index.php\/wp-json\/wp\/v2\/comments?post=164360"}],"version-history":[{"count":0,"href":"https:\/\/cdnoticias.com\/index.php\/wp-json\/wp\/v2\/posts\/164360\/revisions"}],"wp:featuredmedia":[{"embeddable":true,"href":"https:\/\/cdnoticias.com\/index.php\/wp-json\/wp\/v2\/media\/130050"}],"wp:attachment":[{"href":"https:\/\/cdnoticias.com\/index.php\/wp-json\/wp\/v2\/media?parent=164360"}],"wp:term":[{"taxonomy":"category","embeddable":true,"href":"https:\/\/cdnoticias.com\/index.php\/wp-json\/wp\/v2\/categories?post=164360"},{"taxonomy":"post_tag","embeddable":true,"href":"https:\/\/cdnoticias.com\/index.php\/wp-json\/wp\/v2\/tags?post=164360"}],"curies":[{"name":"wp","href":"https:\/\/api.w.org\/{rel}","templated":true}]}}