{"id":164351,"date":"2025-02-16T19:32:24","date_gmt":"2025-02-16T22:32:24","guid":{"rendered":"https:\/\/cdnoticias.com\/?p=164351"},"modified":"2025-02-17T09:16:53","modified_gmt":"2025-02-17T12:16:53","slug":"movimientos-de-gabinete-de-lapiceras-y-criptomonedas","status":"publish","type":"post","link":"https:\/\/cdnoticias.com\/index.php\/2025\/02\/16\/movimientos-de-gabinete-de-lapiceras-y-criptomonedas\/","title":{"rendered":"Movimientos de gabinete, de lapiceras y criptomonedas\u00a0"},"content":{"rendered":"\n<p>El impacto de la salida de Sarachu y la llegada de Pablo Di Uono. Volvi\u00f3 a hablar Arouxet: mucha pol\u00edtica y pedido de definiciones a Ezequiel Galli. La salud y la cercan\u00eda vecinal, las b\u00fasquedas del espacio del intendente Wesner.\u00a0<\/p>\n\n\n\n<hr class=\"wp-block-separator aligncenter has-alpha-channel-opacity\"\/>\n\n\n\n<p><em>Por Volver a las Fuentes, de Josefina Bargas y Alexis Grierson<\/em><\/p>\n\n\n\n<p class=\"has-large-font-size\">Giza, un poroto<\/p>\n\n\n\n<figure class=\"wp-block-image size-full\"><img data-recalc-dims=\"1\" loading=\"lazy\" decoding=\"async\" width=\"800\" height=\"452\" src=\"https:\/\/i0.wp.com\/cdnoticias.com\/wp-content\/uploads\/2025\/02\/milei-libra.jpg?resize=800%2C452&#038;ssl=1\" alt=\"\" class=\"wp-image-164303\" srcset=\"https:\/\/i0.wp.com\/cdnoticias.com\/wp-content\/uploads\/2025\/02\/milei-libra.jpg?w=1024&amp;ssl=1 1024w, https:\/\/i0.wp.com\/cdnoticias.com\/wp-content\/uploads\/2025\/02\/milei-libra.jpg?resize=300%2C170&amp;ssl=1 300w, https:\/\/i0.wp.com\/cdnoticias.com\/wp-content\/uploads\/2025\/02\/milei-libra.jpg?resize=768%2C434&amp;ssl=1 768w\" sizes=\"auto, (max-width: 800px) 100vw, 800px\" \/><\/figure>\n\n\n\n<p><strong>Javier Milei rompi\u00f3 todos los esquemas y es tal vez la noticia del a\u00f1o: su promoci\u00f3n de una empresa de inversi\u00f3n cripto que meteoricamente demostr\u00f3 ser una estafa de las m\u00e1s comunes tendr\u00e1 consecuencias sobre su imagen en muchas partes del mundo.<\/strong> La mayor cantidad de afectados directos est\u00e1 fuera de Argentina y, por si hace falta aclarar, el presidente se encarg\u00f3 de construir su imagen profesional fuera del pa\u00eds. Ah\u00ed hay una consecuencia directa, aunque tal vez la m\u00e1s leve para el plano local.<strong> Ojo, le pega en el coraz\u00f3n de su construcci\u00f3n pol\u00edtica personal: su reputaci\u00f3n como economista.<\/strong><\/p>\n\n\n\n<p><strong><em>\u201cNo estaba interiorizado en los pormenores del proyecto\u201d <\/em><\/strong>dijo el presidente para defenderse. Un \u201cmala m\u00eda\u201d que implica admitir un error, pero es grav\u00edsimo porque tard\u00f3 varias horas mientras segu\u00edan cayendo inversores. <strong>Los argumentos que empezaron a esbozar sus defensores no alcanzan: si la cuenta de una red social dice o no expl\u00edcitamente que es el presidente de la naci\u00f3n no importa. <\/strong>Y el primer intento en redes de hacer posteos similares en cuentas falsas de otros presidentes s\u00f3lo expuso m\u00e1s a Milei.&nbsp;<\/p>\n\n\n\n<p>El pedido de juicio pol\u00edtico ya fue lanzado y habr\u00e1 que ver si avanzan las actuaciones penales que se inicien en su contra o, como es un cl\u00e1sico de la justicia argentina, <strong>avanzan cuando est\u00e9 ya fuera del poder.<\/strong><\/p>\n\n\n\n<p>No es el tema central de <strong>Volver a las Fuentes<\/strong>, pero no podemos dejar de mencionarlo por lo in\u00e9dito y la magnitud de los hechos. Sobre todo porque la centralidad de la figura de Milei en el mapa pol\u00edtico argentino podr\u00eda alejar o acercar sat\u00e9lites,<strong> lo cual tiene especial relevancia en un a\u00f1o electoral. Y m\u00e1s que nada porque -siempre dependiendo de c\u00f3mo avanzan los acontecimientos en el Congreso y en la Justicia- podr\u00eda quedar debilitado y eso fortalecer a actuales o futuros aliados. <\/strong>Contemplamos en esto el juicio pol\u00edtico, pero tambi\u00e9n el proyecto \u201cficha limpia\u201d que, al final, podr\u00eda incluir dos nombres propios. <strong>O caer por su propio peso, algo que no le desagrada al oficialismo.&nbsp;<\/strong><\/p>\n\n\n\n<p><strong>El inicio del a\u00f1o electoral mostr\u00f3 a la principal figura (y casi la \u00fanica podr\u00edamos decir) de la pol\u00edtica argentina en un tropiezo. <\/strong>Todo para adelante es imprevisible. Ya lo era, pero ahora m\u00e1s. \u00bfPodr\u00eda no cambiar absolutamente nada? Tal vez tambi\u00e9n. T<strong>an imprevisible que a \u00faltima hora Presidencia anunci\u00f3 la creaci\u00f3n de un \u00e1rea especial, que depende de Presidencia, para analizar los hechos\u2026del Presidente, y determinar si el Presidente tuvo responsabilidad<\/strong>. Ya lo dijo Maslat\u00f3n alguna vez: en Argentina, todo es una joda.&nbsp;<\/p>\n\n\n\n<p>Bueno, pero hay algo que s\u00ed nos queda a todos. Los memes.<a href=\"https:\/\/gmail.us17.list-manage.com\/track\/click?u=cba2a41506a8e26d100c3f0f8&amp;id=dabbb32774&amp;e=b6c762679c\"> Ac\u00e1 <\/a>y <a href=\"https:\/\/gmail.us17.list-manage.com\/track\/click?u=cba2a41506a8e26d100c3f0f8&amp;id=8103d65c5b&amp;e=b6c762679c\">ac\u00e1<\/a>&nbsp; algunas recopilaciones. Si no tienen grupos de chats de memes, googlen amigxs.<\/p>\n\n\n\n<p class=\"has-large-font-size\">Cambia, todo cambia<\/p>\n\n\n\n<figure class=\"wp-block-image size-full\"><img data-recalc-dims=\"1\" loading=\"lazy\" decoding=\"async\" width=\"800\" height=\"445\" src=\"https:\/\/i0.wp.com\/cdnoticias.com\/wp-content\/uploads\/2025\/01\/Gaston-Sarachu-00.jpg?resize=800%2C445&#038;ssl=1\" alt=\"\" class=\"wp-image-143984\" srcset=\"https:\/\/i0.wp.com\/cdnoticias.com\/wp-content\/uploads\/2025\/01\/Gaston-Sarachu-00.jpg?w=900&amp;ssl=1 900w, https:\/\/i0.wp.com\/cdnoticias.com\/wp-content\/uploads\/2025\/01\/Gaston-Sarachu-00.jpg?resize=300%2C167&amp;ssl=1 300w, https:\/\/i0.wp.com\/cdnoticias.com\/wp-content\/uploads\/2025\/01\/Gaston-Sarachu-00.jpg?resize=768%2C428&amp;ssl=1 768w, https:\/\/i0.wp.com\/cdnoticias.com\/wp-content\/uploads\/2025\/01\/Gaston-Sarachu-00.jpg?resize=800%2C445&amp;ssl=1 800w\" sizes=\"auto, (max-width: 800px) 100vw, 800px\" \/><\/figure>\n\n\n\n<p><strong>Lo que era un secreto a voces desde diciembre finalmente se confirm\u00f3 durante la \u00faltima semana: Gast\u00f3n Sarachu afuera de la Secretar\u00eda de Desarrollo Econ\u00f3mico. <\/strong>Es una renuncia y lo que parec\u00eda un regreso al Concejo Deliberante, deriv\u00f3 en un pase <strong>a una direcci\u00f3n que tendr\u00e1 una labor particular con las localidades del Partido. Pero para eso tenemos que ahondar y contextualizar.<\/strong><\/p>\n\n\n\n<p><strong>Desde diciembre la decisi\u00f3n estaba tomada: por razones personales Gast\u00f3n Sarachu iba a dejar la Secretar\u00eda que lo tuvo desde el d\u00eda 1 de la gesti\u00f3n Wesner.<\/strong> Algunos errores y cierta sobreexigencia en las labores que ten\u00eda en una cartera clave en la gesti\u00f3n actual hicieron que se eval\u00fae la salida. <strong>Incluso, algunos periodistas confirmaron una noticia que en pocas horas se desminti\u00f3.&nbsp;<\/strong><\/p>\n\n\n\n<p>\u00bfPor qu\u00e9 se desminti\u00f3?<strong> El Ejecutivo necesitaba tiempo para buscar un sucesor y generar cambios m\u00e1s armoniosos. Sarachu, seg\u00fan logr\u00f3 saber este newsletter, no puso reparos, si necesitaban tiempo, continuar\u00eda con su trabajo.&nbsp;<\/strong><\/p>\n\n\n\n<p>All\u00ed comenz\u00f3 un trabajo del intendente Wesner con Pablo Di Uono, el ahora ex Director de Prensa y Protocolo. <strong>Se enfatiz\u00f3 que los cambios fueron decisi\u00f3n del Intendente, particularmente la de Di Uono por dos razones en particular: un vasto conocimiento de los sectores productivos locales (tuvo un rol importante en Olavarr\u00eda Produce, por ejemplo) y por su metodolog\u00eda de trabajo que permite dinamismo en una cartera que, como dijimos, es amplia y fundamental para un distrito como Olavarr\u00eda.&nbsp;<\/strong><\/p>\n\n\n\n<p>Si bien el trabajo de preparaci\u00f3n llevaba tiempo, <strong>el anuncio sorprendi\u00f3 a todos: incluso al propio Di Uono, que se enter\u00f3 mientras llevaba adelante sus funciones en el \u00e1rea de Prensa.&nbsp;<\/strong><\/p>\n\n\n\n<p>Pero ac\u00e1 debemos volver, por un momento, a Sarachu. En su renuncia notific\u00f3 lo previsible: saldr\u00eda de la gesti\u00f3n y eso implicaba que volviera al Concejo Deliberante, dado que tiene una banca titular que obtuvo en 2021 en la lista que encabez\u00f3 el propio Maximiliano Wesner. <strong>Justamente, el Intendente le pidi\u00f3 a Sarachu \u201cquedarse\u201d en la gesti\u00f3n en otro rol, que le permita descomprimir la presi\u00f3n que ten\u00eda en Desarrollo Econ\u00f3mico pero seguir trabajando cerca del equipo municipal. \u201cNo pod\u00edamos perder un dirigente tan comprometido con la cosa p\u00fablica\u201d afirmaron del Ejecutivo a este newsletter.<\/strong><\/p>\n\n\n\n<p>Y as\u00ed surgi\u00f3 un nuevo proyecto<strong>: tener un rol ligado a los delegados y las localidades, tratando de gestionar y hacer pol\u00edtica de mediano y largo plazo y dise\u00f1ar pol\u00edticas p\u00fablicas \u201cpensadas desde el Estado pero producto de la escucha con los diversos actores de las localidades\u201d.<\/strong> No es, precisamente, un trabajo de la diaria con las localidades, y permitir\u00e1 avanzar con mayor tiempo -y estrategias- <strong>anclar con un sector que suele tener reparos y ser muy cr\u00edtico de las gestiones por el \u201colvido\u201d de la ciudad central con los pueblos del Partido.<\/strong><\/p>\n\n\n\n<p>Dos cuestiones m\u00e1s que no pueden no mencionarse. Por un lado,<strong> Sarachu emiti\u00f3 un comunicado de agradecimiento por haber confiado en \u00e9l para ocupar Desarrollo Econ\u00f3mico y entre las menciones, claro est\u00e1, estuvo Eduardo Rodr\u00edguez, referente del Frente Renovador, en quien lo reconoci\u00f3 como referente del espacio y l\u00edder que gener\u00f3 las garant\u00edas para su llegada a la gesti\u00f3n.<\/strong> Por el otro, y no es menor esta menci\u00f3n, Sarachu demostr\u00f3 con este nuevo desaf\u00edo dentro de la gesti\u00f3n Wesner que el trabajo con los referentes del Estado local es \u201cmuy bueno\u201d. Tan bueno que la sinton\u00eda atraviesa la conceptual diferencia pol\u00edtica del origen de uno y otro. <strong>\u00bfLo decimos menos complicado? Sarachu en los gestos y las acciones est\u00e1 m\u00e1s cerca de integrar un espacio con el Intendente que con Rodr\u00edguez.<\/strong><\/p>\n\n\n\n<p>De todas maneras, el propio Sarachu en un peque\u00f1o di\u00e1logo con este newsletter dijo que <strong>\u201ccreo en la diversidad de ideas, or\u00edgenes y aportes para hacer una gesti\u00f3n mejor\u201d y que la respuesta \u201crec\u00edproca\u201d de dicha premisa fue fundamental para continuar desde otro rol,<\/strong> vinculado con las localidades del distrito.<\/p>\n\n\n\n<p>Para<strong> Di Uono, volviendo al nuevo secretario, ser\u00e1 una etapa de desaf\u00edos para nada menor<\/strong>: impulsar una secretar\u00eda que representa a uno de los sectores m\u00e1s golpeados por la econom\u00eda.&nbsp;<\/p>\n\n\n\n<p>Los n\u00fameros hablan por s\u00ed solos:<strong> el derrumbe de la actividad de la construcci\u00f3n afect\u00f3 -y mucho- a las empresas no s\u00f3lo mineras, sino a las de servicios vinculados y otras industrias que dependen de una obra p\u00fablica totalmente paralizada. <\/strong>Pero adem\u00e1s tambi\u00e9n tiene dentro al campo, la ganader\u00eda y la agricultura, que no est\u00e1n en pie de guerra como en otros distritos (como Azul) pero tienen su agenda de reclamos. Por ahora, s\u00f3lo resta esperar el desarrollo de los acontecimientos.<\/p>\n\n\n\n<p><strong>Un p\u00e1rrafo no menor es que Di Uono fue reemplazado por el periodista y comunicador Ignacio Cerdera<\/strong>, quien ya hab\u00eda construido una trayectoria dentro del Municipio en el \u00e1rea de Prensa m\u00e1s all\u00e1 de tener su camino en varios medios locales. Si bien no es una novedad significativa para la realidad efectiva de los vecinos, s\u00ed lo es para todos aquellos que trabajamos en los medios y nos vinculamos con el Municipio, lugares que permiten a los trabajadores de prensa informar con la mayor claridad posible sobre los temas que involucren al Estado local. Le deseamos el mayor de los \u00e9xitos y la mejor de las gestiones desde ac\u00e1, y que suene La Nueva Luna.&nbsp;<\/p>\n\n\n\n<p>Dijimos obra p\u00fablica paralizada y ya hablamos en ediciones anteriores de lo que implica para Olavarr\u00eda. Abrimos un par\u00e9ntesis para recomendar esta nota de El Economista que hace pocos d\u00edas se hizo la gran pregunta: <a href=\"https:\/\/gmail.us17.list-manage.com\/track\/click?u=cba2a41506a8e26d100c3f0f8&amp;id=0ac618ba0d&amp;e=b6c762679c\">\u00bfqui\u00e9n va a hacer obra p\u00fablica en la Argentina de Javier Milei?<\/a><\/p>\n\n\n\n<p class=\"has-large-font-size\">En b\u00fasqueda del valor cercan\u00eda<\/p>\n\n\n\n<figure class=\"wp-block-image size-large\"><img data-recalc-dims=\"1\" loading=\"lazy\" decoding=\"async\" width=\"800\" height=\"532\" src=\"https:\/\/i0.wp.com\/cdnoticias.com\/wp-content\/uploads\/2025\/02\/Barrio-por-Barrio-Loma-Negra-1.jpeg?resize=800%2C532&#038;ssl=1\" alt=\"\" class=\"wp-image-157538\" srcset=\"https:\/\/i0.wp.com\/cdnoticias.com\/wp-content\/uploads\/2025\/02\/Barrio-por-Barrio-Loma-Negra-1.jpeg?resize=1024%2C681&amp;ssl=1 1024w, https:\/\/i0.wp.com\/cdnoticias.com\/wp-content\/uploads\/2025\/02\/Barrio-por-Barrio-Loma-Negra-1.jpeg?resize=300%2C200&amp;ssl=1 300w, https:\/\/i0.wp.com\/cdnoticias.com\/wp-content\/uploads\/2025\/02\/Barrio-por-Barrio-Loma-Negra-1.jpeg?resize=768%2C511&amp;ssl=1 768w, https:\/\/i0.wp.com\/cdnoticias.com\/wp-content\/uploads\/2025\/02\/Barrio-por-Barrio-Loma-Negra-1.jpeg?resize=272%2C182&amp;ssl=1 272w, https:\/\/i0.wp.com\/cdnoticias.com\/wp-content\/uploads\/2025\/02\/Barrio-por-Barrio-Loma-Negra-1.jpeg?w=1400&amp;ssl=1 1400w\" sizes=\"auto, (max-width: 800px) 100vw, 800px\" \/><\/figure>\n\n\n\n<p>M\u00e1s all\u00e1 del programa Barrio por Barrio que esta semana estuvo en Loma Negra y que fue \u00edntegramente de gesti\u00f3n,<strong> el objetivo es tener una llegada m\u00e1s directa con los vecinos, sin intermediarios ni referencias. Ir al llano con los funcionarios y el mism\u00edsimo Wesner.<\/strong><\/p>\n\n\n\n<p>De hecho,<strong> esta semana se conoci\u00f3 una decisi\u00f3n que informalmente se hab\u00eda dado a conocer pero que se oficializ\u00f3: el programa ser\u00e1 semanal y rotar\u00e1 exclusivamente para escuchar y dialogar sobre gesti\u00f3n con los vecinos. <\/strong>Tras visitar Loma Negra, la semana pr\u00f3xima estar\u00e1n en Sierras Bayas.&nbsp;<\/p>\n\n\n\n<p><strong>Esa cuesti\u00f3n de tener cercan\u00eda,&nbsp; m\u00e1s all\u00e1 de este programa de Estado, se vio con lo sucedido este s\u00e1bado en el club Pueblo Nuevo, con un encuentro (que muchos igualmente denominaron como plenario) con vecinos que se anotaron en formularios para participar de diversas actividades desde el sector del Intendente, Mejor Olavarr\u00eda.<\/strong><\/p>\n\n\n\n<p>Hubo dirigentes, funcionarios, aliados de la gesti\u00f3n y vecinos que buscaron participar de la actividad que tuvo buena convocatoria: \u201cEscuchar a los vecinos es un insumo fundamental en la toma de decisiones. \u00a1Gracias a todos por sumarse a seguir construyendo!\u201d dijo el jefe comunal en sus redes sociales, en una actividad cerrada a los medios locales.<\/p>\n\n\n\n<p class=\"has-large-font-size\">En b\u00fasqueda del valor Salud<\/p>\n\n\n\n<p>M\u00e1s que una b\u00fasqueda, la centralidad pol\u00edtica de la gesti\u00f3n Wesner -complicada por la situaci\u00f3n financiera pero adem\u00e1s por los recortes de fondos nacionales y provinciales-<strong> est\u00e1 en la Salud. A situaci\u00f3n compleja, medidas creativas<\/strong>: la venta de una calle a Loma Negra le dio aire para hacer un importante trabajo en el centro de salud municipal y los CAPS, con la adquisici\u00f3n de aparatolog\u00eda y reformas estructurales incluso b\u00e1sicas, tras a\u00f1os sin mantenimiento.&nbsp;<\/p>\n\n\n\n<p>Pero esta semana el foco estuvo puesto en otro punto:<strong> el Ejecutivo anunci\u00f3 que se eliminaban los carnets de condici\u00f3n del sistema de salud p\u00fablico municipal y con ello, se declaraba \u201cel fin del arancelamiento de la salud\u201d en Olavarr\u00eda.<\/strong><\/p>\n\n\n\n<p><strong>No es una decisi\u00f3n para nada menor: recordemos que en la campa\u00f1a el por ese entonces candidato Wesner ten\u00eda como punta de lanza esta cr\u00edtica a la gesti\u00f3n Galli pero por acumulaci\u00f3n, de las gestiones anteriores.<\/strong> En 2023 Galli hab\u00eda decidido dejar de cobrar a aquellos que tengan carnet condici\u00f3n 2 y 3 y se sumaban a los condici\u00f3n 1, pero desde el<strong> Ministerio de Salud salieron a cruzarlo con dureza porque dejar de cobrar significaba que\u2026se cobraba. Y que la decisi\u00f3n ten\u00eda un contexto, ya que hab\u00edan sido intimados tiempo atr\u00e1s a que cesen de dichos cobros.<\/strong><\/p>\n\n\n\n<p>El sistema, tal como se origin\u00f3 en la gesti\u00f3n de Helios Eseverri, ten\u00eda como objetivo que paguen solamente personas con obras sociales, prepagas o de alto poder adquisitivo que se atendieran en el centro de salud p\u00fablico. <strong>Pero, desde la pandemia, la denuncia realizada por la oposici\u00f3n era que \u201cmuchos vecinos fueron empujados de su condici\u00f3n 1 a la 2 y 3 por parte del Municipio como una forma de recaudar m\u00e1s para hacer frente a los costos\u201d.<\/strong><\/p>\n\n\n\n<p>Tras el anuncio en la semana, la gesti\u00f3n confirm\u00f3 que el sostenimiento de los carnets implicaba <strong>\u201cvecinos que no volv\u00edan a atenderse al hospital o cortaban un tratamiento por la deuda que se les hab\u00eda generado anteriormente por una consulta. En la actualidad en ning\u00fan hospital nacional, ni provincial se cobra, el vecino iba al hospital por un problema puntual y se iba con otro m\u00e1s grande. Todav\u00eda hay gente con deuda por atenderse durante el COVID y eso por ejemplo les impide renovar la licencia de conducir\u201d.<\/strong><\/p>\n\n\n\n<p>Se aclar\u00f3, de hecho, <strong>que los que tengan obra social o prepaga estar\u00e1n a cargo del financiador, y funcionar\u00e1 como funciona una cl\u00ednica privada: se pide la documentaci\u00f3n, se paga el coseguro y el porcentaje de cobertura correspondiente, si es que lo tiene. <\/strong>De hecho, se\u00f1alaron que las obras sociales \u201cson los grandes financiadores\u201d y es donde m\u00e1s demoras de pagos tienen. Es decir, una peque\u00f1a denuncia para dar cuenta d\u00f3nde puede estar el problema de verdad.<\/p>\n\n\n\n<p>Por \u00faltimo, y algo para nada menor, es que<strong> se condonaron todas las deudas generadas por consultas y prestaciones a aquellos que no tuvieran ninguna cobertura y se les haya cobrado igual. <\/strong>Hubo varias dudas con respecto a este tema pero se indic\u00f3 que ser\u00e1 autom\u00e1tico y si alguien no pudo renovar su carnet por este obst\u00e1culo, ya no lo tendr\u00e1.&nbsp;<\/p>\n\n\n\n<p>Pero no todos recibieron bien la noticia. <strong>Celeste Arouxet adelant\u00f3 que la bancada libertaria realizar\u00e1 un pedido de informes \u201cpara ver c\u00f3mo se hacen los an\u00e1lisis socioecon\u00f3micos en cuanto a las personas que tengan o no carnets hospitalarios, quienes tengan o no cobertura, a ver c\u00f3mo se midi\u00f3 ese impacto\u201d.<\/strong><\/p>\n\n\n\n<p><strong>Hilario Galli tambi\u00e9n sali\u00f3 esta semana, pero con una respuesta amplia y acusaci\u00f3n a \u201cpersonajes, pol\u00edticos y periodistas\u201d por \u201ctergiversar, modificar y\/o reescribir la historia\u201d de Olavarr\u00eda. <\/strong>Fue en X donde hizo un repaso de los 8 a\u00f1os de gesti\u00f3n de los que fue parte y se mostr\u00f3 &#8220;orgulloso&#8221; de formar parte.<\/p>\n\n\n\n<p><strong>Habl\u00f3 respondiendo con tono acusatorio un poco a lo que dijo la semana pasada Jos\u00e9 Eseverri y un poco a las repercusiones de las medidas del Ejecutivo actual en cuanto a salud en lo que por extensi\u00f3n ser\u00eda una cr\u00edtica a Wesner.<\/strong> \u201cA nosotros tambi\u00e9n nos toc\u00f3 reordenar las cuentas del Municipio\u201d plante\u00f3 para pasar a enumerar las \u201cobras importantes&#8221; y las mejoras en el sector de salud que llevaron adelante. \u201cCada uno de los vecinos a los que se le cambi\u00f3 la vida lo sabe muy bien, no necesita que le quieran contar otra realidad\u201d dijo, sin especificar a qui\u00e9n se dirig\u00eda.<\/p>\n\n\n\n<p class=\"has-large-font-size\">Lapicera se busca<\/p>\n\n\n\n<figure class=\"wp-block-image size-full\"><img data-recalc-dims=\"1\" loading=\"lazy\" decoding=\"async\" width=\"800\" height=\"445\" src=\"https:\/\/i0.wp.com\/cdnoticias.com\/wp-content\/uploads\/2025\/01\/celeste-arouxet-sebastian-pareja.jpg?resize=800%2C445&#038;ssl=1\" alt=\"\" class=\"wp-image-134163\" srcset=\"https:\/\/i0.wp.com\/cdnoticias.com\/wp-content\/uploads\/2025\/01\/celeste-arouxet-sebastian-pareja.jpg?w=900&amp;ssl=1 900w, https:\/\/i0.wp.com\/cdnoticias.com\/wp-content\/uploads\/2025\/01\/celeste-arouxet-sebastian-pareja.jpg?resize=300%2C167&amp;ssl=1 300w, https:\/\/i0.wp.com\/cdnoticias.com\/wp-content\/uploads\/2025\/01\/celeste-arouxet-sebastian-pareja.jpg?resize=768%2C428&amp;ssl=1 768w, https:\/\/i0.wp.com\/cdnoticias.com\/wp-content\/uploads\/2025\/01\/celeste-arouxet-sebastian-pareja.jpg?resize=800%2C445&amp;ssl=1 800w\" sizes=\"auto, (max-width: 800px) 100vw, 800px\" \/><\/figure>\n\n\n\n<p><strong>\u00bfFiguras importantes de La Libertad Avanza que empezaron el a\u00f1o con una muy negativa? Celeste Arouxet <\/strong>habl\u00f3 esta semana por primera vez desde que se hizo p\u00fablica una denuncia en su contra por violencia contra una ex pareja. Pero no dijo nada de ese tema y s\u00ed cont\u00f3 sobre c\u00f3mo avanza el armado libertario en Olavarr\u00eda ya pensando de lleno en las Legislativas. <strong>Tuvo un tono de calma -hasta pareci\u00f3 que fue m\u00e1s suave con las cr\u00edticas- y mostr\u00f3 que hay coordinaci\u00f3n y confluencia entre muchos sectores que abrazan la bandera violeta.<\/strong><\/p>\n\n\n\n<p><strong>En la entrevista que el programa de Mario Coppola, la principal dirigente de LLA cont\u00f3 que mantuvo un reuni\u00f3n con Andrea Coronel, referente del bullrichismo, en lo que fue el primer acercamiento concreto<\/strong> para coordinar acciones.\u201cLa idea es trabajar juntos. Anoche tuvimos un zoom con Sebasti\u00e1n Pareja (presidente del partido LLA bonaerense) donde nos pusimos al tanto de esta situaci\u00f3n, que es lo que va a pasar en Olavarr\u00eda. Si bien Patricia Bullrich ya est\u00e1 dentro de la Libertad de Avanza, por ah\u00ed en lo local todav\u00eda no hab\u00edamos tenido ese acercamiento para ya empezar un trabajo en conjunto\u201d explic\u00f3 el mi\u00e9rcoles Arouxet.<\/p>\n\n\n\n<p><strong>Sobre la reuni\u00f3n con Coronel la defini\u00f3 como \u201cmuy productiva\u201d y destac\u00f3 que las juventudes de ambos espacios van a reunirse.<\/strong> \u201cAndrea puso tambi\u00e9n el equipo a disposici\u00f3n, obviamente tenemos nuestro local, desde el cual se va a hacer el trabajo de territorio\u201d. Reten\u00e9 esta \u00faltima parte de la frase.<\/p>\n\n\n\n<p>El mensaje que busc\u00f3 subrayar Celeste Arouxet fue evitar pensar los armados y contactos en t\u00e9rminos de nombres propios para que tomen relevancia los sectores. <strong>As\u00ed pidi\u00f3 \u201cno personalizar\u201d sino hablar \u201cdel bullrichismo, de La Libertad Avanza y del sector del PRO que decide sumarse al proyecto del presidente Javier Milei. Son equipos que tienen que empezar a trabajar para las elecciones y el objetivo es el mismo\u201d.<\/strong><\/p>\n\n\n\n<p><strong>A lo largo de la entrevista habl\u00f3 del acercamiento de Carola Patan\u00e9, de la relaci\u00f3n con la conducci\u00f3n de la S\u00e9ptima a cargo de Alejandro Speroni y del trabajo local con La P\u00farpura.<\/strong> En todo momento, la referencia fue Sebasti\u00e1n Pareja: a \u00e9l le rinde cuentas Arouxet y de \u00e9l toma el ordenamiento.&nbsp;<\/p>\n\n\n\n<p>\u00bfY qu\u00e9 pasa con Ezequiel Galli? Las reuniones con el ex intendente fueron la noticia pol\u00edtica m\u00e1s destacada de la \u00faltima parte del a\u00f1o pasado en lo local y siempre se contempl\u00f3 el salto del amarillo al violeta. Pero hasta ahora solo es intenci\u00f3n. Arouxet respondi\u00f3 que aquellas conversaciones \u201csiguen vigentes\u201d y apunt\u00f3 a lo que ya sabemos: Galli sigue la l\u00ednea de acci\u00f3n de Diego Santilli.<strong> El que est\u00e1 en pausa es el diputado nacional y mientras no le den play arriba, abajo tampoco lo hacen. O en los clar\u00edsimos t\u00e9rminos de la titular de ANSES regional: \u201clas conversaciones son constantes, obviamente Ezequiel va desde la organicidad con Diego Santilli, que es su referente. Y bueno, esperando, parece que capaz no encuentran la lapicera para el libro de pases\u201d.<\/strong><\/p>\n\n\n\n<p>Pero claro, hay algo a tener en cuenta y que ya dijimos ni bien empezamos esta edici\u00f3n: el a\u00f1o electoral ya empez\u00f3 y no se trata solamente de armar una lista de candidatos, hay mucho m\u00e1s por hacer.<strong> \u201cSe necesita salir a trabajar, porque no solamente tenemos que hablar de un traspaso, sino un trabajo en equipo que debe demostrarse\u201d defini\u00f3.<\/strong><\/p>\n\n\n\n<p>Es lo mismo que se\u00f1al\u00f3 Arouxet sobre el contacto con el bullrichismo: la primera acci\u00f3n para competir electoralmente es mostrarse como espacio y hacerlo en las calles en contacto con los vecinos<strong>. Y para que sea efectivo y serio de cara al electorado, tiene que ser sostenido en el tiempo y coordinado. Hacia all\u00ed quiere caminar LLA en Olavarr\u00eda. \u00bfLo lograr\u00e1?<\/strong><\/p>\n\n\n\n<p class=\"has-large-font-size\">Ctrl+Z en PAMI<\/p>\n\n\n\n<figure class=\"wp-block-image size-full\"><img data-recalc-dims=\"1\" loading=\"lazy\" decoding=\"async\" width=\"800\" height=\"446\" src=\"https:\/\/i0.wp.com\/cdnoticias.com\/wp-content\/uploads\/2025\/01\/jose-luis-veyrand.jpg?resize=800%2C446&#038;ssl=1\" alt=\"\" class=\"wp-image-140233\" srcset=\"https:\/\/i0.wp.com\/cdnoticias.com\/wp-content\/uploads\/2025\/01\/jose-luis-veyrand.jpg?w=1000&amp;ssl=1 1000w, https:\/\/i0.wp.com\/cdnoticias.com\/wp-content\/uploads\/2025\/01\/jose-luis-veyrand.jpg?resize=300%2C167&amp;ssl=1 300w, https:\/\/i0.wp.com\/cdnoticias.com\/wp-content\/uploads\/2025\/01\/jose-luis-veyrand.jpg?resize=768%2C428&amp;ssl=1 768w, https:\/\/i0.wp.com\/cdnoticias.com\/wp-content\/uploads\/2025\/01\/jose-luis-veyrand.jpg?resize=800%2C445&amp;ssl=1 800w\" sizes=\"auto, (max-width: 800px) 100vw, 800px\" \/><\/figure>\n\n\n\n<p><strong>El 21 de enero fue despedido de PAMI de Olavarr\u00eda Jos\u00e9 Luis Veyrand<\/strong>, en lo que en total fueron 200 despidos de ese organismo en todo el pa\u00eds. Guillermo Lascano, el titular de la obra social en nuestra ciudad, dijo que iba a intentar retrotraer la decisi\u00f3n y cumpli\u00f3: <strong>hace pocas horas se confirm\u00f3 que fue reincorporado.<\/strong><\/p>\n\n\n\n<p>Con fecha del 13 de febrero se emiti\u00f3 la resoluci\u00f3n firmada por la Direcci\u00f3n Ejecutiva del Instituto Nacional de Servicios Sociales para Jubilados y Pensionados que dice: <strong>\u201cdejar sin efecto en todos sus t\u00e9rminos el dictado de la Resoluci\u00f3n (&#8230;) por la que se procediera a la desvinculaci\u00f3n del trabajador Jos\u00e9 Luis Veyrand de la UGL XXX-Azul, dependiente de la Unidad T\u00e9cnico Operativa\u201d.<\/strong> En la nueva normativa se reconoce que el despido se produjo \u201csin invocaci\u00f3n de causa\u201d.<br>&nbsp;<\/p>\n\n\n\n<p><strong>Guillermo Lascano confirm\u00f3 a Volver a las Fuentes la medida. <\/strong>La cantidad de empleados del organismo es la clave del tema para las decisiones del Gobierno Nacional, y ah\u00ed apunt\u00f3 primero el dirigente local. <strong>\u201cLa verdad que la peleamos porque la agencia de Olavarr\u00eda desde el 2023 tuvo cuatro bajas por jubilaci\u00f3n. Es decir, de 31 pasamos a 27. Este a\u00f1o se jubilan dos trabajadores m\u00e1s y cinco personas m\u00e1s alcanzar\u00edan la edad jubilatoria. Es decir, en el 2025 la agencia funcionar\u00eda con 20 personas, un 32% menos que cuando asumimos\u201d plante\u00f3.<\/strong> Para resumir: la reducci\u00f3n de trabajadores es un hecho.<br>&nbsp;<\/p>\n\n\n\n<p>En cuanto a lo personal,<strong> Lascano valor\u00f3 a Veyrand: \u201ces un excelente empleado, creo que la Agencia iba a necesitar recursos adicionales, es por eso que preparamos un buen informe y nos comprometimos a no incorporar nuevo personal en el futuro inmediato para sustituir a los que se retiran si se reincorporaba Jos\u00e9 Luis\u201d.<\/strong><strong><br><\/strong>&nbsp;<\/p>\n\n\n\n<p>Las gestiones para deshacer el despido fueron hasta \u201clo m\u00e1s alto de LLA\u201d. En la UGL XXX hubo dos despidos el mes pasado, el de Olavarr\u00eda y uno en Las Flores: \u201cs\u00f3lo se revoc\u00f3 la resoluci\u00f3n de Jos\u00e9 Luis\u201d remarc\u00f3 el titular de PAMI local. Concluy\u00f3 en que <strong>\u201cpor suerte se prioriz\u00f3 el sentido com\u00fan y todos contentos\u201d.<\/strong><strong><br><\/strong>&nbsp;<\/p>\n\n\n\n<p class=\"has-large-font-size\">Hay m\u00e1s<\/p>\n\n\n\n<p><strong>Coopelectric pidi\u00f3 suba del agua, otra vez. <\/strong><a href=\"https:\/\/gmail.us17.list-manage.com\/track\/click?u=cba2a41506a8e26d100c3f0f8&amp;id=10202da0e5&amp;e=b6c762679c\">El viernes se confirm\u00f3 que el pedido es de \u201ccasi 55%\u201d para la tarifa del servicio de obras sanitarias.<\/a> Esta semana comenz\u00f3 la aplicaci\u00f3n del aumento de 341% aprobado en noviembre en el HCD y, al mismo tiempo, de la contribuci\u00f3n por acciones por 452%.<\/p>\n\n\n\n<p><strong>AOMA denunci\u00f3 \u201cpresiones\u201d en Canteras Piatti.<\/strong> Hace dos semanas hubo 10 despidos y se dict\u00f3 la conciliaci\u00f3n obligatoria. El titular del sindicato, Alejandro Santill\u00e1n, inform\u00f3 que algunos de los trabajadores pidieron \u201cante el Ministerio de salir ellos de la conciliaci\u00f3n obligatoria\u201d para aceptar el despido. Estos trabajadores cuentan \u201ccon el patrocinio de la empresa\u201d e hizo hincapi\u00e9 en que eligieron que \u201cse les abone la indemnizaci\u00f3n -que es una decisi\u00f3n de ellos-, y se refleja seg\u00fan yo entiendo por las presiones que han tenido en estos \u00faltimos momentos\u201d.<\/p>\n\n\n\n<p><strong>Una pericia en Olavarr\u00eda por el caso Santiago Maldonado.<\/strong> Estuvo en nuestra ciudad su hermano, Sergio Maldonado, quien aguarda los resultados del estudio realizado por el \u00e1rea de Arqueolog\u00eda de la Facultad de Ciencias Sociales (Unicen) para \u201caclarar las contradicciones de la autopsia\u201d acerca de los hechos que se dieron en 2017.<a href=\"https:\/\/gmail.us17.list-manage.com\/track\/click?u=cba2a41506a8e26d100c3f0f8&amp;id=a1a1361815&amp;e=b6c762679c\"> La causa tiene un nuevo juez, Fernando Calvete, que \u201cconvoc\u00f3 a la Unicen para realizar este peritaje, y es la primera vez que podemos ofrecer nuestro perito de parte\u201d dijo Maldonado.<\/a><\/p>\n\n\n\n<p><strong>Vuelos a y desde CABA en marzo.<\/strong> <a href=\"https:\/\/gmail.us17.list-manage.com\/track\/click?u=cba2a41506a8e26d100c3f0f8&amp;id=91a8d46db2&amp;e=b6c762679c\">Los empresarios de Humming Airways estuvieron en Olavarr\u00eda y se reunieron con el intendente Maximiliano Wesner.<\/a> Esta semana se conoci\u00f3 que<a href=\"https:\/\/gmail.us17.list-manage.com\/track\/click?u=cba2a41506a8e26d100c3f0f8&amp;id=a8ab4e6494&amp;e=b6c762679c\"> ya est\u00e1n disponibles las reservas de vuelos a un costo de 295 mil pesos.<\/a> \u201c\u00a1Desayunaron con pintura!\u201d dijo un vecino cuando se enter\u00f3 del precio que compar\u00f3 con la oferta que esta semana present\u00f3 la empresa Jetsmart para volar de Trelew a Aeroparque por 34.600 pesos desde abril. <a href=\"https:\/\/gmail.us17.list-manage.com\/track\/click?u=cba2a41506a8e26d100c3f0f8&amp;id=a1e95de6e3&amp;e=b6c762679c\">Claro que son diferentes tipos de servicio, orientado a distinto p\u00fablico.<\/a><\/p>\n\n\n\n<p><strong>Termina la moratoria previsional: <\/strong>las mujeres, principales perjudicadas. <a href=\"https:\/\/gmail.us17.list-manage.com\/track\/click?u=cba2a41506a8e26d100c3f0f8&amp;id=2cfd939032&amp;e=b6c762679c\">Desde el Frente Ni Una Menos Olavarr\u00eda se destac\u00f3 que 9 de cada 10 mujeres no van a poder jubilarse. <\/a>Marianela Da Cruz explic\u00f3 que \u201cel vencimiento de la moratoria est\u00e1 previsto en la propia ley&#8221; con lo que todos quedan obligados a cumplir con los 30 a\u00f1os de aportes. \u201cPerder la moratoria en este momento es llevarnos a un lugar de vulnerabilidad total en una edad en la que no ten\u00e9s mucho margen frente al trabajo que ellos proponen\u201d dijo para concluir que \u201chay una falta de respuesta integral por parte del Estado que no es nueva, pero en este momento es inclusive peor por el contexto en el que nos encontramos\u201d.<\/p>\n\n\n\n<p class=\"has-large-font-size\">El newsletter<\/p>\n\n\n\n<p>Esta publicaci\u00f3n es la edici\u00f3n de este domingo del newsletter Volver a las Fuentes que escriben Alexis Grierson y Josefina Bargas. <a href=\"https:\/\/linktr.ee\/volveralasfuentes\">Tiene un sistema de suscripci\u00f3n econ\u00f3mica y aportes \u00fanicos al que se puede acceder aqu\u00ed.<\/a><\/p>\n","protected":false},"excerpt":{"rendered":"<p>El impacto de la salida de Sarachu y la llegada de Pablo Di Uono. Volvi\u00f3 a hablar Arouxet: mucha pol\u00edtica<\/p>\n","protected":false},"author":2,"featured_media":100530,"comment_status":"closed","ping_status":"closed","sticky":false,"template":"","format":"standard","meta":{"_jetpack_memberships_contains_paid_content":false,"footnotes":""},"categories":[4,1],"tags":[],"class_list":["post-164351","post","type-post","status-publish","format-standard","has-post-thumbnail","hentry","category-politica","category-portada"],"jetpack_featured_media_url":"https:\/\/i0.wp.com\/cdnoticias.com\/wp-content\/uploads\/2023\/10\/Salud-Frente-Hospital-1024x682-1.jpeg?fit=1024%2C682&ssl=1","jetpack_sharing_enabled":true,"_links":{"self":[{"href":"https:\/\/cdnoticias.com\/index.php\/wp-json\/wp\/v2\/posts\/164351","targetHints":{"allow":["GET"]}}],"collection":[{"href":"https:\/\/cdnoticias.com\/index.php\/wp-json\/wp\/v2\/posts"}],"about":[{"href":"https:\/\/cdnoticias.com\/index.php\/wp-json\/wp\/v2\/types\/post"}],"author":[{"embeddable":true,"href":"https:\/\/cdnoticias.com\/index.php\/wp-json\/wp\/v2\/users\/2"}],"replies":[{"embeddable":true,"href":"https:\/\/cdnoticias.com\/index.php\/wp-json\/wp\/v2\/comments?post=164351"}],"version-history":[{"count":0,"href":"https:\/\/cdnoticias.com\/index.php\/wp-json\/wp\/v2\/posts\/164351\/revisions"}],"wp:featuredmedia":[{"embeddable":true,"href":"https:\/\/cdnoticias.com\/index.php\/wp-json\/wp\/v2\/media\/100530"}],"wp:attachment":[{"href":"https:\/\/cdnoticias.com\/index.php\/wp-json\/wp\/v2\/media?parent=164351"}],"wp:term":[{"taxonomy":"category","embeddable":true,"href":"https:\/\/cdnoticias.com\/index.php\/wp-json\/wp\/v2\/categories?post=164351"},{"taxonomy":"post_tag","embeddable":true,"href":"https:\/\/cdnoticias.com\/index.php\/wp-json\/wp\/v2\/tags?post=164351"}],"curies":[{"name":"wp","href":"https:\/\/api.w.org\/{rel}","templated":true}]}}