{"id":164337,"date":"2025-02-16T10:07:00","date_gmt":"2025-02-16T13:07:00","guid":{"rendered":"https:\/\/cdnoticias.com\/?p=164337"},"modified":"2025-02-16T17:02:44","modified_gmt":"2025-02-16T20:02:44","slug":"en-una-pelea-un-hombre-hirio-a-dos-personas-con-un-arma-blanca-y-termino-preso","status":"publish","type":"post","link":"https:\/\/cdnoticias.com\/index.php\/2025\/02\/16\/en-una-pelea-un-hombre-hirio-a-dos-personas-con-un-arma-blanca-y-termino-preso\/","title":{"rendered":"En una pelea un hombre hiri\u00f3 a dos personas con un arma blanca y termin\u00f3 preso"},"content":{"rendered":"\n<p>Las v\u00edctimas terminaron con lesiones leves en manos y piernas. El hecho se produjo en Pringles y Giovanelli.<\/p>\n\n\n\n<hr class=\"wp-block-separator aligncenter has-alpha-channel-opacity\"\/>\n\n\n\n<p>Este s\u00e1bado por la tarde<strong>, un hombre de 33 a\u00f1os termin\u00f3 aprehendido por personal de Comando de Patrullas tras herir con un arma blanca a otras dos personas que debieron ser trasladadas al Hospital Municipal.<\/strong><\/p>\n\n\n\n<p><strong>El hecho se registr\u00f3 en avenida Pringles y Giovanelli,<\/strong> cuando se inici\u00f3 una pelea entre tres hombres con elementos contundentes: luego de la se\u00f1al de la polic\u00eda, los tres arrojaron los elementos y uno de ellos ten\u00eda un arma blanca.<\/p>\n\n\n\n<p>Tras detener la pelea, <strong>detectaron que los otros dos ten\u00edan heridas cortantes en manos y piernas, por lo que debieron ser trasladados al Hospital Municipal para su curaci\u00f3n y atenci\u00f3n correspondiente. Las heridas fueron de car\u00e1cter leve.<\/strong><\/p>\n\n\n\n<p>Por el hecho, <strong>el hombre de 33 a\u00f1os qued\u00f3 aprehendido en la Comisar\u00eda Primera y qued\u00f3 acusado de \u201cLesiones leves\u201d <\/strong>en una causa que instruye la UFI N\u00b010.<\/p>\n","protected":false},"excerpt":{"rendered":"<p>Las v\u00edctimas terminaron con lesiones leves en manos y piernas. El hecho se produjo en Pringles y Giovanelli. Este s\u00e1bado<\/p>\n","protected":false},"author":2,"featured_media":164338,"comment_status":"closed","ping_status":"closed","sticky":false,"template":"","format":"standard","meta":{"_jetpack_memberships_contains_paid_content":false,"footnotes":""},"categories":[14,1],"tags":[],"class_list":["post-164337","post","type-post","status-publish","format-standard","has-post-thumbnail","hentry","category-policiales","category-portada"],"jetpack_featured_media_url":"https:\/\/i0.wp.com\/cdnoticias.com\/wp-content\/uploads\/2025\/02\/Diseno-sin-titulo-8.jpg?fit=1000%2C600&ssl=1","jetpack_sharing_enabled":true,"_links":{"self":[{"href":"https:\/\/cdnoticias.com\/index.php\/wp-json\/wp\/v2\/posts\/164337","targetHints":{"allow":["GET"]}}],"collection":[{"href":"https:\/\/cdnoticias.com\/index.php\/wp-json\/wp\/v2\/posts"}],"about":[{"href":"https:\/\/cdnoticias.com\/index.php\/wp-json\/wp\/v2\/types\/post"}],"author":[{"embeddable":true,"href":"https:\/\/cdnoticias.com\/index.php\/wp-json\/wp\/v2\/users\/2"}],"replies":[{"embeddable":true,"href":"https:\/\/cdnoticias.com\/index.php\/wp-json\/wp\/v2\/comments?post=164337"}],"version-history":[{"count":0,"href":"https:\/\/cdnoticias.com\/index.php\/wp-json\/wp\/v2\/posts\/164337\/revisions"}],"wp:featuredmedia":[{"embeddable":true,"href":"https:\/\/cdnoticias.com\/index.php\/wp-json\/wp\/v2\/media\/164338"}],"wp:attachment":[{"href":"https:\/\/cdnoticias.com\/index.php\/wp-json\/wp\/v2\/media?parent=164337"}],"wp:term":[{"taxonomy":"category","embeddable":true,"href":"https:\/\/cdnoticias.com\/index.php\/wp-json\/wp\/v2\/categories?post=164337"},{"taxonomy":"post_tag","embeddable":true,"href":"https:\/\/cdnoticias.com\/index.php\/wp-json\/wp\/v2\/tags?post=164337"}],"curies":[{"name":"wp","href":"https:\/\/api.w.org\/{rel}","templated":true}]}}