{"id":164291,"date":"2025-02-15T16:04:13","date_gmt":"2025-02-15T19:04:13","guid":{"rendered":"https:\/\/cdnoticias.com\/?p=164291"},"modified":"2025-02-15T19:11:27","modified_gmt":"2025-02-15T22:11:27","slug":"fue-aprehendido-por-amenazar-a-un-familiar-con-un-cuchillo","status":"publish","type":"post","link":"https:\/\/cdnoticias.com\/index.php\/2025\/02\/15\/fue-aprehendido-por-amenazar-a-un-familiar-con-un-cuchillo\/","title":{"rendered":"Fue aprehendido por amenazar a un familiar con un cuchillo"},"content":{"rendered":"\n<p>El hombre de 24 a\u00f1os ten\u00eda en su poder un arma blanca. Qued\u00f3 a disposici\u00f3n de la UFI N\u00b05.<\/p>\n\n\n\n<hr class=\"wp-block-separator has-alpha-channel-opacity\"\/>\n\n\n\n<p>En las \u00faltimas horas un<strong> hombre de 24 a\u00f1os fue aprehendido por efectivos del Comando de Patrullas Olavarr\u00eda.<\/strong><\/p>\n\n\n\n<p><\/p>\n\n\n\n<p>Los polic\u00edas concurrieron a un <strong>llamado de emergencia a un domicilio ubicado en Calle 17 al 3800.\u00a0<\/strong><\/p>\n\n\n\n<p><\/p>\n\n\n\n<p>En el lugar, se hab\u00eda desatado una pelea familiar y lograron detectar a un hombre con un arma blanca, m\u00e1s precisamente una<strong> hoja de cuchillo de 20 cent\u00edmetros.\u00a0<\/strong><\/p>\n\n\n\n<p><\/p>\n\n\n\n<p>Fue trasladado a la Comisar\u00eda Primera donde qued\u00f3 alojado a disposici\u00f3n de la UFI N\u00b05 por <strong>\u201camenazas agravadas\u201d.\u00a0<\/strong><\/p>\n","protected":false},"excerpt":{"rendered":"<p>El hombre de 24 a\u00f1os ten\u00eda en su poder un arma blanca. Qued\u00f3 a disposici\u00f3n de la UFI N\u00b05. En<\/p>\n","protected":false},"author":5,"featured_media":164292,"comment_status":"closed","ping_status":"closed","sticky":false,"template":"","format":"standard","meta":{"_jetpack_memberships_contains_paid_content":false,"footnotes":""},"categories":[14,1],"tags":[],"class_list":["post-164291","post","type-post","status-publish","format-standard","has-post-thumbnail","hentry","category-policiales","category-portada"],"jetpack_featured_media_url":"https:\/\/i0.wp.com\/cdnoticias.com\/wp-content\/uploads\/2025\/02\/WhatsApp-Image-2025-02-14-at-10.06.08-PM-1-e1739626519682.jpeg?fit=955%2C1005&ssl=1","jetpack_sharing_enabled":true,"_links":{"self":[{"href":"https:\/\/cdnoticias.com\/index.php\/wp-json\/wp\/v2\/posts\/164291","targetHints":{"allow":["GET"]}}],"collection":[{"href":"https:\/\/cdnoticias.com\/index.php\/wp-json\/wp\/v2\/posts"}],"about":[{"href":"https:\/\/cdnoticias.com\/index.php\/wp-json\/wp\/v2\/types\/post"}],"author":[{"embeddable":true,"href":"https:\/\/cdnoticias.com\/index.php\/wp-json\/wp\/v2\/users\/5"}],"replies":[{"embeddable":true,"href":"https:\/\/cdnoticias.com\/index.php\/wp-json\/wp\/v2\/comments?post=164291"}],"version-history":[{"count":0,"href":"https:\/\/cdnoticias.com\/index.php\/wp-json\/wp\/v2\/posts\/164291\/revisions"}],"wp:featuredmedia":[{"embeddable":true,"href":"https:\/\/cdnoticias.com\/index.php\/wp-json\/wp\/v2\/media\/164292"}],"wp:attachment":[{"href":"https:\/\/cdnoticias.com\/index.php\/wp-json\/wp\/v2\/media?parent=164291"}],"wp:term":[{"taxonomy":"category","embeddable":true,"href":"https:\/\/cdnoticias.com\/index.php\/wp-json\/wp\/v2\/categories?post=164291"},{"taxonomy":"post_tag","embeddable":true,"href":"https:\/\/cdnoticias.com\/index.php\/wp-json\/wp\/v2\/tags?post=164291"}],"curies":[{"name":"wp","href":"https:\/\/api.w.org\/{rel}","templated":true}]}}