{"id":164278,"date":"2025-02-14T19:56:36","date_gmt":"2025-02-14T22:56:36","guid":{"rendered":"https:\/\/cdnoticias.com\/?p=164278"},"modified":"2025-02-14T19:57:40","modified_gmt":"2025-02-14T22:57:40","slug":"azul-lo-llevo-a-un-motel-enganado-lo-encerro-le-robo-el-auto-y-lo-choco","status":"publish","type":"post","link":"https:\/\/cdnoticias.com\/index.php\/2025\/02\/14\/azul-lo-llevo-a-un-motel-enganado-lo-encerro-le-robo-el-auto-y-lo-choco\/","title":{"rendered":"Azul: lo llev\u00f3 a un motel enga\u00f1ado, lo encerr\u00f3, le rob\u00f3 el auto y lo choc\u00f3"},"content":{"rendered":"\n<p>El hecho se produjo en ruta 3, a la altura del kil\u00f3metro 303. Tras chocar, intent\u00f3 escapar descart\u00e1ndose de celulares pero fue atrapado.<\/p>\n\n\n\n<hr class=\"wp-block-separator aligncenter has-alpha-channel-opacity\"\/>\n\n\n\n<p>Un hombre de 37 a\u00f1os fue v\u00edctima de un<strong> violento robo y privaci\u00f3n ileg\u00edtima de la libertad en la madrugada del viernes, cuando fue encerrado en un motel ubicado en el kil\u00f3metro 303 de la Ruta 3 y despojado de su veh\u00edculo.<\/strong><\/p>\n\n\n\n<p>Seg\u00fan la denuncia, el hecho fue cometido por un joven de 22 a\u00f1os junto a dos personas a\u00fan no identificadas.<strong> La v\u00edctima relat\u00f3 que lo hab\u00eda conocido en un bar y accedi\u00f3 a acompa\u00f1arlo al motel, donde el joven simul\u00f3 salir a tomar aire, lo dej\u00f3 encerrado en una habitaci\u00f3n y huy\u00f3 con su autom\u00f3vil, un Peugeot 408 gris.<\/strong><\/p>\n\n\n\n<p>Poco despu\u00e9s del robo, <strong>el veh\u00edculo sustra\u00eddo protagoniz\u00f3 un accidente en la intersecci\u00f3n de las calles Corrientes y Burgos, donde colision\u00f3 con un cami\u00f3n Ford. El conductor del Peugeot abandon\u00f3 el lugar y descart\u00f3 dos tel\u00e9fonos celulares en su huida.<\/strong><\/p>\n\n\n\n<p>A partir de los testimonios recabados y el r\u00e1pido accionar policial, <strong>el delincuente fue localizado y aprehendido en la zona de calles Argentina y Colombia. <\/strong>Durante el procedimiento se secuestraron los tel\u00e9fonos descartados, un Motorola G42 y un Alcatel 5H, adem\u00e1s de los veh\u00edculos involucrados en el siniestro.<\/p>\n\n\n\n<figure class=\"wp-block-image size-large\"><img data-recalc-dims=\"1\" loading=\"lazy\" decoding=\"async\" width=\"800\" height=\"757\" src=\"https:\/\/i0.wp.com\/cdnoticias.com\/wp-content\/uploads\/2025\/02\/476461598_1203510531778966_3156952392157640649_n.jpg?resize=800%2C757&#038;ssl=1\" alt=\"\" class=\"wp-image-164280\" srcset=\"https:\/\/i0.wp.com\/cdnoticias.com\/wp-content\/uploads\/2025\/02\/476461598_1203510531778966_3156952392157640649_n.jpg?resize=1024%2C969&amp;ssl=1 1024w, https:\/\/i0.wp.com\/cdnoticias.com\/wp-content\/uploads\/2025\/02\/476461598_1203510531778966_3156952392157640649_n.jpg?resize=300%2C284&amp;ssl=1 300w, https:\/\/i0.wp.com\/cdnoticias.com\/wp-content\/uploads\/2025\/02\/476461598_1203510531778966_3156952392157640649_n.jpg?resize=768%2C726&amp;ssl=1 768w, https:\/\/i0.wp.com\/cdnoticias.com\/wp-content\/uploads\/2025\/02\/476461598_1203510531778966_3156952392157640649_n.jpg?w=1440&amp;ssl=1 1440w\" sizes=\"auto, (max-width: 800px) 100vw, 800px\" \/><\/figure>\n\n\n\n<p><strong>La investigaci\u00f3n est\u00e1 a cargo de la UFI N\u00b0 13 del Departamento Judicial de Azul, conducida por el fiscal Peiretti.<\/strong> Intervinieron efectivos de la Comisar\u00eda Primera de Azul y personal de la Polic\u00eda Cient\u00edfica para la recolecci\u00f3n de pruebas periciales.<\/p>\n\n\n\n<p><em>Foto e informaci\u00f3n: Noticias de Azul<\/em><\/p>\n","protected":false},"excerpt":{"rendered":"<p>El hecho se produjo en ruta 3, a la altura del kil\u00f3metro 303. Tras chocar, intent\u00f3 escapar descart\u00e1ndose de celulares<\/p>\n","protected":false},"author":2,"featured_media":164279,"comment_status":"closed","ping_status":"closed","sticky":false,"template":"","format":"standard","meta":{"_jetpack_memberships_contains_paid_content":false,"footnotes":""},"categories":[6,1],"tags":[],"class_list":["post-164278","post","type-post","status-publish","format-standard","has-post-thumbnail","hentry","category-nacionales","category-portada"],"jetpack_featured_media_url":"https:\/\/i0.wp.com\/cdnoticias.com\/wp-content\/uploads\/2025\/02\/476235487_1203510511778968_6033965806866033172_n.jpg?fit=684%2C606&ssl=1","jetpack_sharing_enabled":true,"_links":{"self":[{"href":"https:\/\/cdnoticias.com\/index.php\/wp-json\/wp\/v2\/posts\/164278","targetHints":{"allow":["GET"]}}],"collection":[{"href":"https:\/\/cdnoticias.com\/index.php\/wp-json\/wp\/v2\/posts"}],"about":[{"href":"https:\/\/cdnoticias.com\/index.php\/wp-json\/wp\/v2\/types\/post"}],"author":[{"embeddable":true,"href":"https:\/\/cdnoticias.com\/index.php\/wp-json\/wp\/v2\/users\/2"}],"replies":[{"embeddable":true,"href":"https:\/\/cdnoticias.com\/index.php\/wp-json\/wp\/v2\/comments?post=164278"}],"version-history":[{"count":0,"href":"https:\/\/cdnoticias.com\/index.php\/wp-json\/wp\/v2\/posts\/164278\/revisions"}],"wp:featuredmedia":[{"embeddable":true,"href":"https:\/\/cdnoticias.com\/index.php\/wp-json\/wp\/v2\/media\/164279"}],"wp:attachment":[{"href":"https:\/\/cdnoticias.com\/index.php\/wp-json\/wp\/v2\/media?parent=164278"}],"wp:term":[{"taxonomy":"category","embeddable":true,"href":"https:\/\/cdnoticias.com\/index.php\/wp-json\/wp\/v2\/categories?post=164278"},{"taxonomy":"post_tag","embeddable":true,"href":"https:\/\/cdnoticias.com\/index.php\/wp-json\/wp\/v2\/tags?post=164278"}],"curies":[{"name":"wp","href":"https:\/\/api.w.org\/{rel}","templated":true}]}}