{"id":164276,"date":"2025-02-14T19:34:57","date_gmt":"2025-02-14T22:34:57","guid":{"rendered":"https:\/\/cdnoticias.com\/?p=164276"},"modified":"2025-02-14T19:35:01","modified_gmt":"2025-02-14T22:35:01","slug":"por-mas-libertad-pidio-eliminar-el-cobro-de-alumbrado-publico-en-las-facturas-de-coopelectric","status":"publish","type":"post","link":"https:\/\/cdnoticias.com\/index.php\/2025\/02\/14\/por-mas-libertad-pidio-eliminar-el-cobro-de-alumbrado-publico-en-las-facturas-de-coopelectric\/","title":{"rendered":"Por m\u00e1s Libertad pidi\u00f3 eliminar el cobro de alumbrado p\u00fablico en las facturas de Coopelectric"},"content":{"rendered":"\n<p>Fue en un proyecto presentado este viernes en el HCD. Es una solicitud al Ejecutivo a \u201ccumplir la Resoluci\u00f3n 267\/24\u201d que pide que las facturas \u201cno incluyan cargos que no corresponden a los bienes y servicios contratados\u201d.<\/p>\n\n\n\n<hr class=\"wp-block-separator aligncenter has-alpha-channel-opacity\"\/>\n\n\n\n<p>Este viernes, el bloque de <strong>Marcelo Petehs y Mar\u00eda Adela Casamayor, Por m\u00e1s Libertad, present\u00f3 varias propuestas en el HCD. Una de ellas, la de eliminar el cobro del alumbrado p\u00fablico en las facturas de Coopelectric,<\/strong> en sinton\u00eda con la intenci\u00f3n del Gobierno Nacional de \u201climpiar\u201d las facturas de servicios p\u00fablicos del cobro de tributos locales.<\/p>\n\n\n\n<p>La intenci\u00f3n es que<strong> llegue al recinto en la primera sesi\u00f3n ordinaria del a\u00f1o.<\/strong><\/p>\n\n\n\n<p>Buscar\u00e1n que <strong>el Ejecutivo cumplimente la Resoluci\u00f3n 267\/24, emitida por la Secretar\u00eda de Industria y Comercio del Ministerio de Econom\u00eda de la Naci\u00f3n, que establece que<em> \u201clas facturas y comprobantes emitidos por las empresas prestadoras de servicios p\u00fablicos domiciliarios no podr\u00e1n incluir cargos que no correspondan a los bienes y servicios efectivamente contratados\u201d.<\/em><\/strong><\/p>\n\n\n\n<p>Es por ello que para aplicar dicha medida, se debe<em> \u201cdejar sin efecto el convenio suscripto con la empresa Coopelectric, autorizado a trav\u00e9s de la ordenanza 103\/74\u201d.<\/em><\/p>\n\n\n\n<p>Si bien ha sido una discusi\u00f3n planteada por varias agrupaciones, entidades y hasta otros sectores pol\u00edticos, Por m\u00e1s Libertad insisti\u00f3 en que, desde su interpretaci\u00f3n, <em>\u201centendemos tambi\u00e9n que se trata de una doble imposici\u00f3n, ya que dicho rubro -alumbrado p\u00fablico- est\u00e1 contemplado seg\u00fan la Ley Org\u00e1nica Municipal dentro de las Tasas por Servicios Urbanos, junto a otros servicios obligatorios de prestaci\u00f3n por parte del Municipio\u201d<\/em> cerraron.<\/p>\n\n\n\n<p><\/p>\n","protected":false},"excerpt":{"rendered":"<p>Fue en un proyecto presentado este viernes en el HCD. Es una solicitud al Ejecutivo a \u201ccumplir la Resoluci\u00f3n 267\/24\u201d<\/p>\n","protected":false},"author":2,"featured_media":131315,"comment_status":"closed","ping_status":"closed","sticky":false,"template":"","format":"standard","meta":{"_jetpack_memberships_contains_paid_content":false,"footnotes":""},"categories":[4,1],"tags":[],"class_list":["post-164276","post","type-post","status-publish","format-standard","has-post-thumbnail","hentry","category-politica","category-portada"],"jetpack_featured_media_url":"https:\/\/i0.wp.com\/cdnoticias.com\/wp-content\/uploads\/2024\/11\/por-mas-libertad-olavarria23.jpg?fit=1072%2C596&ssl=1","jetpack_sharing_enabled":true,"_links":{"self":[{"href":"https:\/\/cdnoticias.com\/index.php\/wp-json\/wp\/v2\/posts\/164276","targetHints":{"allow":["GET"]}}],"collection":[{"href":"https:\/\/cdnoticias.com\/index.php\/wp-json\/wp\/v2\/posts"}],"about":[{"href":"https:\/\/cdnoticias.com\/index.php\/wp-json\/wp\/v2\/types\/post"}],"author":[{"embeddable":true,"href":"https:\/\/cdnoticias.com\/index.php\/wp-json\/wp\/v2\/users\/2"}],"replies":[{"embeddable":true,"href":"https:\/\/cdnoticias.com\/index.php\/wp-json\/wp\/v2\/comments?post=164276"}],"version-history":[{"count":0,"href":"https:\/\/cdnoticias.com\/index.php\/wp-json\/wp\/v2\/posts\/164276\/revisions"}],"wp:featuredmedia":[{"embeddable":true,"href":"https:\/\/cdnoticias.com\/index.php\/wp-json\/wp\/v2\/media\/131315"}],"wp:attachment":[{"href":"https:\/\/cdnoticias.com\/index.php\/wp-json\/wp\/v2\/media?parent=164276"}],"wp:term":[{"taxonomy":"category","embeddable":true,"href":"https:\/\/cdnoticias.com\/index.php\/wp-json\/wp\/v2\/categories?post=164276"},{"taxonomy":"post_tag","embeddable":true,"href":"https:\/\/cdnoticias.com\/index.php\/wp-json\/wp\/v2\/tags?post=164276"}],"curies":[{"name":"wp","href":"https:\/\/api.w.org\/{rel}","templated":true}]}}