{"id":164259,"date":"2025-02-14T17:28:16","date_gmt":"2025-02-14T20:28:16","guid":{"rendered":"https:\/\/cdnoticias.com\/?p=164259"},"modified":"2025-02-14T20:03:39","modified_gmt":"2025-02-14T23:03:39","slug":"el-gobierno-de-milei-avanza-con-la-privatizacion-de-corredores-viales-s-a","status":"publish","type":"post","link":"https:\/\/cdnoticias.com\/index.php\/2025\/02\/14\/el-gobierno-de-milei-avanza-con-la-privatizacion-de-corredores-viales-s-a\/","title":{"rendered":"El gobierno de Milei avanza con la privatizaci\u00f3n de Corredores Viales S.A"},"content":{"rendered":"\n<p>Es la que gestiona la ruta 226, que atraviesa Olavarr\u00eda. El ex intendente Ezequiel Galli es funcionario de la empresa estatal. \u201cSub\u00edan los peajes mientras las rutas se ca\u00edan a pedazos\u201d, dijo el vocero presidencial, Manuel Adorni.<\/p>\n\n\n\n<hr class=\"wp-block-separator aligncenter has-alpha-channel-opacity\"\/>\n\n\n\n<p>El<strong> Gobierno de Javier Milei avanzar\u00e1 en la privatizaci\u00f3n de la concesi\u00f3n de las rutas administradas por Corredores Viales S.A., como paso previo a la eliminaci\u00f3n de la empresa estatal <\/strong>que gestiona una parte significativa de la red vial argentina. De hecho,<strong> la empresa gestiona los destinos de la Ruta 226, que pasa por Olavarr\u00eda, y adem\u00e1s el ex intendente Ezequiel Galli es funcionario de dicha empresa.<\/strong><\/p>\n\n\n\n<p>Se trata de unos <strong>6.000 kil\u00f3metros distribuidos en distintos puntos del pa\u00eds. <\/strong>La intenci\u00f3n oficial es que las nuevas concesionarias operen bajo un<strong> esquema de obra p\u00fablica por peajes, y en las pr\u00f3ximas semanas se convocar\u00e1 a audiencias p\u00fablicas para avanzar con el proceso.<\/strong><\/p>\n\n\n\n<p>El vocero presidencial, Manuel Adorni, justific\u00f3 la decisi\u00f3n al se\u00f1alar que<em><strong> \u201csub\u00edan los peajes mientras las rutas se ca\u00edan a pedazos\u201d.<\/strong><\/em> Seg\u00fan explic\u00f3 en conferencia de prensa, el modelo impulsado por el Gobierno<em> \u201cpromover\u00e1 el desarrollo de obras de infraestructura a trav\u00e9s de la participaci\u00f3n del sector privado, que se encargar\u00e1 de ejecutar las obras y gestiones necesarias a su propia cuenta y riesgo, a cambio del derecho de exigir el cobro de un peaje a los usuarios\u201d.<\/em><\/p>\n\n\n\n<p>Actualmente, <strong>Corredores Viales cobra peajes, pero el Ejecutivo sostiene que el atraso tarifario explica el estado de deterioro de los caminos. <\/strong>En ese sentido, las nuevas concesionarias podr\u00e1n fijar tarifas y asumir la ejecuci\u00f3n de obras de mejora.<strong> Adorni detall\u00f3 que, al inicio de la gesti\u00f3n, el 45% de la red operada por la empresa estatal estaba en estado \u201cmalo o cr\u00edtico\u201d, con contratos de obra paralizados y un atraso tarifario del 45% en relaci\u00f3n con la tarifa t\u00e9cnica.<\/strong><\/p>\n\n\n\n<p>Corredores Viales registr\u00f3 en 2023 un resultado econ\u00f3mico negativo, con una deuda con proveedores de 142.000 millones de pesos y p\u00e9rdidas acumuladas por 268.000 millones de pesos. Fue asistida por el Tesoro Nacional con transferencias por 301.000 millones de pesos.<\/p>\n\n\n\n<p><strong>El proceso de privatizaci\u00f3n estar\u00e1 a cargo de la Direcci\u00f3n Nacional de Vialidad, dependiente de la Secretar\u00eda de Transporte, <\/strong>y se enmarca en el programa Red Federal de Concesiones, que prev\u00e9 la licitaci\u00f3n de 9.145 kil\u00f3metros en trece tramos, los cuales representan el 20% de la red vial nacional, pero concentran el 80% del tr\u00e1nsito.<\/p>\n\n\n\n<p>Vialidad Nacional convoc\u00f3 para finales de febrero a una audiencia p\u00fablica para la licitaci\u00f3n de la Ruta del Mercosur, un tramo de 670 kil\u00f3metros que durante tres d\u00e9cadas fue operado por la firma privada CRUSA. Con el anuncio del Ejecutivo, se inicia el proceso para adjudicar un total de 8.470 kil\u00f3metros de rutas actualmente gestionadas por Corredores Viales, adem\u00e1s de otras que no estaban concesionadas, como la Ruta Nacional 33 en Santa Fe, la Ruta Nacional 18 en Entre R\u00edos y la variante de la Ruta Nacional 19 en C\u00f3rdoba. Esta fase se dividir\u00e1 en once tramos.<\/p>\n\n\n\n<p>Corredores Viales S.A. opera actualmente diez corredores viales que suman cerca de 6.000 kil\u00f3metros en las provincias de Santiago del Estero, Tucum\u00e1n, Salta, Jujuy, Chaco, Buenos Aires, Corrientes, Misiones, San Luis, C\u00f3rdoba, Santa Fe y Mendoza, adem\u00e1s del acceso Riccheri a la Ciudad de Buenos Aires.<\/p>\n","protected":false},"excerpt":{"rendered":"<p>Es la que gestiona la ruta 226, que atraviesa Olavarr\u00eda. El ex intendente Ezequiel Galli es funcionario de la empresa<\/p>\n","protected":false},"author":2,"featured_media":102969,"comment_status":"closed","ping_status":"closed","sticky":false,"template":"","format":"standard","meta":{"_jetpack_memberships_contains_paid_content":false,"footnotes":""},"categories":[6,1],"tags":[],"class_list":["post-164259","post","type-post","status-publish","format-standard","has-post-thumbnail","hentry","category-nacionales","category-portada"],"jetpack_featured_media_url":"https:\/\/i0.wp.com\/cdnoticias.com\/wp-content\/uploads\/2023\/11\/ruta226-pastos-reclamo-05.jpg?fit=800%2C450&ssl=1","jetpack_sharing_enabled":true,"_links":{"self":[{"href":"https:\/\/cdnoticias.com\/index.php\/wp-json\/wp\/v2\/posts\/164259","targetHints":{"allow":["GET"]}}],"collection":[{"href":"https:\/\/cdnoticias.com\/index.php\/wp-json\/wp\/v2\/posts"}],"about":[{"href":"https:\/\/cdnoticias.com\/index.php\/wp-json\/wp\/v2\/types\/post"}],"author":[{"embeddable":true,"href":"https:\/\/cdnoticias.com\/index.php\/wp-json\/wp\/v2\/users\/2"}],"replies":[{"embeddable":true,"href":"https:\/\/cdnoticias.com\/index.php\/wp-json\/wp\/v2\/comments?post=164259"}],"version-history":[{"count":0,"href":"https:\/\/cdnoticias.com\/index.php\/wp-json\/wp\/v2\/posts\/164259\/revisions"}],"wp:featuredmedia":[{"embeddable":true,"href":"https:\/\/cdnoticias.com\/index.php\/wp-json\/wp\/v2\/media\/102969"}],"wp:attachment":[{"href":"https:\/\/cdnoticias.com\/index.php\/wp-json\/wp\/v2\/media?parent=164259"}],"wp:term":[{"taxonomy":"category","embeddable":true,"href":"https:\/\/cdnoticias.com\/index.php\/wp-json\/wp\/v2\/categories?post=164259"},{"taxonomy":"post_tag","embeddable":true,"href":"https:\/\/cdnoticias.com\/index.php\/wp-json\/wp\/v2\/tags?post=164259"}],"curies":[{"name":"wp","href":"https:\/\/api.w.org\/{rel}","templated":true}]}}