{"id":164237,"date":"2025-02-14T18:55:39","date_gmt":"2025-02-14T21:55:39","guid":{"rendered":"https:\/\/cdnoticias.com\/?p=164237"},"modified":"2025-02-15T17:34:38","modified_gmt":"2025-02-15T20:34:38","slug":"olavarriense-fallecido-en-claromeco-hicimos-todo-para-salvarlo","status":"publish","type":"post","link":"https:\/\/cdnoticias.com\/index.php\/2025\/02\/14\/olavarriense-fallecido-en-claromeco-hicimos-todo-para-salvarlo\/","title":{"rendered":"Olavarriense fallecido en Claromec\u00f3: \u201cHicimos todo para salvarlo\u201d"},"content":{"rendered":"\n<p>El supervisor General de Playas Marcelo Di Francesco detall\u00f3 el trabajo realizado ante el fatal incidente. \u201cEs muy doloroso para todos\u201d, se\u00f1al\u00f3.<\/p>\n\n\n\n<hr class=\"wp-block-separator has-alpha-channel-opacity\"\/>\n\n\n\n<p>El <strong>supervisor General de Playas Marcelo Di Francesco <\/strong>se refiri\u00f3, en un contacto con LU 24, al fatal incidente que se produjo en la tarde del jueves que deriv\u00f3 en la <a href=\"https:\/\/cdnoticias.com\/index.php\/2025\/02\/13\/identificaron-al-olavarriense-que-fallecio-en-las-playas-de-claromeco\/\" data-type=\"link\" data-id=\"https:\/\/cdnoticias.com\/index.php\/2025\/02\/13\/identificaron-al-olavarriense-que-fallecio-en-las-playas-de-claromeco\/\">muerte del olavarriense Pablo Carricondo.<\/a><\/p>\n\n\n\n<p><\/p>\n\n\n\n<p>Di Francesco afirm\u00f3 que \u201cen la zona donde ocurri\u00f3 el hecho no era lugar para ba\u00f1arse ya que en ese sector circulan lanchas\u201d, respecto a la marea, asegur\u00f3 que \u201cera peligroso, y estaba se\u00f1alado para evitar esto, que nos afecta mucho\u201d.<\/p>\n\n\n\n<p><\/p>\n\n\n\n<p>Dijo que \u201ccuando los Guardavidas se acercaron al lugar para pedirles que salgan, en ese momento <strong>una ola impacta en la victima y se hundi\u00f3.<\/strong> Pese a nuestro accionar con RCP, adem\u00e1s con el acompa\u00f1amiento de un m\u00e9dico de San Isidro,<strong> hicimos todo, pero no logramos salvarlo<\/strong>\u201d.<\/p>\n\n\n\n<p><\/p>\n\n\n\n<p>\u201c<strong>Es muy doloroso para todos,<\/strong> porque es una familia que lleg\u00f3 con toda la ilusi\u00f3n de vacacionar, ahora se deben volver sin un ser querido, y eso nos lastima\u201d, concluy\u00f3 Di Francesco.<\/p>\n\n\n\n<p><\/p>\n\n\n\n<figure class=\"wp-block-embed is-type-wp-embed is-provider-lu-24-radio-tres-arroyos wp-block-embed-lu-24-radio-tres-arroyos\"><div class=\"wp-block-embed__wrapper\">\n<blockquote class=\"wp-embedded-content\" data-secret=\"OnCLBCK5vf\"><a href=\"https:\/\/www.lu24.com.ar\/claromeco-hicimos-todo-para-salvarlo-dijo-di-francesco-sobre-la-muerte-del-turista\/\">Claromec\u00f3: \u201cHicimos todo para salvarlo\u201d dijo Di Francesco sobre la muerte del turista<\/a><\/blockquote><iframe loading=\"lazy\" class=\"wp-embedded-content\" sandbox=\"allow-scripts\" security=\"restricted\" style=\"position: absolute; visibility: hidden;\" title=\"&#8220;Claromec\u00f3: \u201cHicimos todo para salvarlo\u201d dijo Di Francesco sobre la muerte del turista&#8221; &#8212; LU24 Radio Tres Arroyos\" src=\"https:\/\/www.lu24.com.ar\/claromeco-hicimos-todo-para-salvarlo-dijo-di-francesco-sobre-la-muerte-del-turista\/embed\/#?secret=Wci5ssGJH4#?secret=OnCLBCK5vf\" data-secret=\"OnCLBCK5vf\" width=\"600\" height=\"338\" frameborder=\"0\" marginwidth=\"0\" marginheight=\"0\" scrolling=\"no\"><\/iframe>\n<\/div><\/figure>\n","protected":false},"excerpt":{"rendered":"<p>El supervisor General de Playas Marcelo Di Francesco detall\u00f3 el trabajo realizado ante el fatal incidente. \u201cEs muy doloroso para<\/p>\n","protected":false},"author":5,"featured_media":161835,"comment_status":"closed","ping_status":"closed","sticky":false,"template":"","format":"standard","meta":{"_jetpack_memberships_contains_paid_content":false,"footnotes":""},"categories":[14,1],"tags":[],"class_list":["post-164237","post","type-post","status-publish","format-standard","has-post-thumbnail","hentry","category-policiales","category-portada"],"jetpack_featured_media_url":"https:\/\/i0.wp.com\/cdnoticias.com\/wp-content\/uploads\/2025\/02\/fallecido-olavarria-claromeco.jpg?fit=1000%2C600&ssl=1","jetpack_sharing_enabled":true,"_links":{"self":[{"href":"https:\/\/cdnoticias.com\/index.php\/wp-json\/wp\/v2\/posts\/164237","targetHints":{"allow":["GET"]}}],"collection":[{"href":"https:\/\/cdnoticias.com\/index.php\/wp-json\/wp\/v2\/posts"}],"about":[{"href":"https:\/\/cdnoticias.com\/index.php\/wp-json\/wp\/v2\/types\/post"}],"author":[{"embeddable":true,"href":"https:\/\/cdnoticias.com\/index.php\/wp-json\/wp\/v2\/users\/5"}],"replies":[{"embeddable":true,"href":"https:\/\/cdnoticias.com\/index.php\/wp-json\/wp\/v2\/comments?post=164237"}],"version-history":[{"count":0,"href":"https:\/\/cdnoticias.com\/index.php\/wp-json\/wp\/v2\/posts\/164237\/revisions"}],"wp:featuredmedia":[{"embeddable":true,"href":"https:\/\/cdnoticias.com\/index.php\/wp-json\/wp\/v2\/media\/161835"}],"wp:attachment":[{"href":"https:\/\/cdnoticias.com\/index.php\/wp-json\/wp\/v2\/media?parent=164237"}],"wp:term":[{"taxonomy":"category","embeddable":true,"href":"https:\/\/cdnoticias.com\/index.php\/wp-json\/wp\/v2\/categories?post=164237"},{"taxonomy":"post_tag","embeddable":true,"href":"https:\/\/cdnoticias.com\/index.php\/wp-json\/wp\/v2\/tags?post=164237"}],"curies":[{"name":"wp","href":"https:\/\/api.w.org\/{rel}","templated":true}]}}