{"id":164235,"date":"2025-02-15T08:59:34","date_gmt":"2025-02-15T11:59:34","guid":{"rendered":"https:\/\/cdnoticias.com\/?p=164235"},"modified":"2025-02-15T11:31:46","modified_gmt":"2025-02-15T14:31:46","slug":"fin-de-la-moratoria-previsional-es-llevarnos-a-un-lugar-de-vulnerabilidad-total","status":"publish","type":"post","link":"https:\/\/cdnoticias.com\/index.php\/2025\/02\/15\/fin-de-la-moratoria-previsional-es-llevarnos-a-un-lugar-de-vulnerabilidad-total\/","title":{"rendered":"Fin de la moratoria previsional: \u201ces llevarnos a un lugar de vulnerabilidad total\u201d"},"content":{"rendered":"\n<p><br>Desde el Frente Ni Una Menos Olavarr\u00eda dieron cuenta del impacto de la medida en las mujeres y disidencias: 9 de cada 10 mujeres no van a poder jubilarse.<\/p>\n\n\n\n<hr class=\"wp-block-separator has-alpha-channel-opacity\"\/>\n\n\n\n<p>El Gobierno Nacional confirm\u00f3 que<strong> la moratoria previsional vigente finalizar\u00e1 el pr\u00f3ximo 23 de marzo y no habr\u00e1 pr\u00f3rroga. <\/strong>La medida permit\u00eda a hombres y mujeres acceder a la jubilaci\u00f3n <strong>sin contar con los 30 a\u00f1os de aportes exigidos. <\/strong>Organizaciones feministas expusieron que su no continuidad afectar\u00e1 principalmente a mujeres y disidencias: <strong>9 de cada 10 mujeres no van a poder jubilarse.<\/strong><\/p>\n\n\n\n<p><br><strong>Marianela Da Cruz, integrante del Frente Ni Una Menos Olavarr\u00eda,<\/strong> habl\u00f3 con<em> Central de Noticias<\/em> y explic\u00f3 que \u201cel vencimiento de la moratoria est\u00e1 previsto en la propia ley. Hab\u00eda un plazo de posibilidad de regular aportes. Que se termine significa que se aplica la ley en sus propios t\u00e9rminos. Lo que ha pasado durante mucho tiempo es que frente a la necesidad de seguir regularizando y la falta de poder completar los aportes ya sea por hombres y mujeres, generalmente se sostienen, se renuevan o se aplican nuevas moratorias\u201d.<\/p>\n\n\n\n<p><\/p>\n\n\n\n<p><strong>Ante el fin de la moratoria las mujeres ser\u00e1n las primeras perjudicadas<\/strong> ya que \u201cson las que m\u00e1s utilizan la posibilidad de regularizar sus aportes con este tipo de beneficios\u201d sostuvo Da Cruz y se\u00f1al\u00f3 que <strong>en general los trabajos a los que pueden acceder las mujeres son \u201cprecarizados, mal pagos y sin aportes\u201d<\/strong> e incluso \u201cpuede existir la posibilidad de que muchas mujeres tengan 10, 15 o 20 a\u00f1os de aportes, o sea, tener una vida laboral activa en los t\u00e9rminos del sistema, pero<strong> no alcanza para poder cumplir con el requisito de la jubilaci\u00f3n<\/strong>\u201d.<\/p>\n\n\n\n<p><br>Esto \u00faltimo, \u201cnos corre inclusive a otro lugar que es <strong>perder la posibilidad de obtener la pensi\u00f3n de adulto mayor,<\/strong> que es una pensi\u00f3n con un valor menor que la m\u00ednima \u2013es el 80% del haber m\u00ednimos jubilatorio- y <strong>el principal requisito es tener 65 a\u00f1os,<\/strong> as\u00ed que nos lleva a obtener un ingreso, una prestaci\u00f3n por parte del Estado a los 65 a\u00f1os y no a los 60 como es la edad jubilatoria en la mujer con la ley previsional actual\u201d.<\/p>\n\n\n\n<p><\/p>\n\n\n\n<blockquote class=\"wp-block-quote is-layout-flow wp-block-quote-is-layout-flow\">\n<p>\u201cPerder la moratoria en este momento es llevarnos a un lugar de vulnerabilidad total en una edad en la que no ten\u00e9s mucho margen frente al trabajo que ellos proponen. No hay un mercado laboral abierto, el desempleo creci\u00f3 much\u00edsimo y eso para nosotras termina siendo peor\u201d. <\/p>\n<\/blockquote>\n\n\n\n<p><br>Resalt\u00f3 que \u201chay una falta de respuesta integral por parte del Estado que no es nueva, pero en este momento es inclusive peor por el contexto en el que nos encontramos\u201d.<\/p>\n\n\n\n<p><\/p>\n\n\n\n<p><strong>\u201cLos aportes que nos faltan los tiene el patriarcado\u201d<\/strong><\/p>\n\n\n\n<p><br>Entre las consignas que se sostienen desde el Frente Ni Una Menos y se visibilizar\u00e1n el pr\u00f3ximo 8M se encuentran varias con foco en la situaci\u00f3n econ\u00f3mica de las mujeres y disidencias.<\/p>\n\n\n\n<p><br>Marianela Da Cruz indic\u00f3 que <strong>\u2018Ni una jubilada menos\u2019 <\/strong>por ejemplo, \u201cno es una consigna nueva, tiene su historia dentro del movimiento. Por supuesto que actualmente hay m\u00e1s consultas en la organizaci\u00f3n, gente que quiere regularizar sus aportes y a veces mucho antes de la edad jubilatoria<strong> sin saber si va a haber, por ejemplo, una reforma previsional como se anunci\u00f3 y despu\u00e9s retrotrajeron<\/strong>\u201d.<\/p>\n\n\n\n<p><br><strong>\u201cHay mucha incertidumbre, mucha angustia y mucha injusticia\u201d,<\/strong> lanz\u00f3 Da Cruz. \u201cHay impotencia al haber trabajado y que esos empleadores para los que trabajaste no hicieron los aportes como los deber\u00edan hacer o no los hicieron porque era m\u00e1s f\u00e1cil no hacerlos\u201d.<\/p>\n\n\n\n<p><br>En ese sentido, explic\u00f3 que desde el movimiento Ni Una Menos hay una construcci\u00f3n de pensar a la mujer trabajadora y los cuerpos feminizados en una transversalidad del concepto. <strong>\u201cLe exigimos al Estado el repensar la forma de reconocer el trabajo de la mujer, en qu\u00e9 t\u00e9rminos se reconoce y qu\u00e9 es lo que reconocen de ese trabajo\u201d.<\/strong><\/p>\n\n\n\n<p><br>En ese sentido, destac\u00f3 que \u201chemos trabajado mucho en concientizar que<strong> las tareas de cuidado y el trabajo dom\u00e9stico son trabajo no remunerado. <\/strong>Recaen sobre las mujeres o los cuerpos feminizados. Eso es trabajo tambi\u00e9n. Por eso decimos \u2018Ni una jubilada menos\u2019, por eso decimos que \u2018los aportes que nos faltan los tiene el patriarcado\u2019. Las posibilidades de salir de esas tareas de cuidado al mercado laboral se vuelven complejas o imposibles\u201d.<\/p>\n\n\n\n<p><\/p>\n\n\n\n<figure class=\"wp-block-embed is-type-rich is-provider-instagram wp-block-embed-instagram\"><div class=\"wp-block-embed__wrapper\">\n<blockquote class=\"instagram-media\" data-instgrm-captioned data-instgrm-permalink=\"https:\/\/www.instagram.com\/p\/DF6SQoRPxja\/?utm_source=ig_embed&amp;utm_campaign=loading\" data-instgrm-version=\"14\" style=\" background:#FFF; border:0; border-radius:3px; box-shadow:0 0 1px 0 rgba(0,0,0,0.5),0 1px 10px 0 rgba(0,0,0,0.15); margin: 1px; max-width:658px; min-width:326px; padding:0; width:99.375%; width:-webkit-calc(100% - 2px); width:calc(100% - 2px);\"><div style=\"padding:16px;\"> <a href=\"https:\/\/www.instagram.com\/p\/DF6SQoRPxja\/?utm_source=ig_embed&amp;utm_campaign=loading\" style=\" background:#FFFFFF; line-height:0; padding:0 0; text-align:center; text-decoration:none; width:100%;\" target=\"_blank\"> <div style=\" display: flex; flex-direction: row; align-items: center;\"> <div style=\"background-color: #F4F4F4; border-radius: 50%; flex-grow: 0; height: 40px; margin-right: 14px; width: 40px;\"><\/div> <div style=\"display: flex; flex-direction: column; flex-grow: 1; justify-content: center;\"> <div style=\" background-color: #F4F4F4; border-radius: 4px; flex-grow: 0; height: 14px; margin-bottom: 6px; width: 100px;\"><\/div> <div style=\" background-color: #F4F4F4; border-radius: 4px; flex-grow: 0; height: 14px; width: 60px;\"><\/div><\/div><\/div><div style=\"padding: 19% 0;\"><\/div> <div style=\"display:block; height:50px; margin:0 auto 12px; width:50px;\"><svg width=\"50px\" height=\"50px\" viewBox=\"0 0 60 60\" version=\"1.1\" xmlns=\"https:\/\/www.w3.org\/2000\/svg\" xmlns:xlink=\"https:\/\/www.w3.org\/1999\/xlink\"><g stroke=\"none\" stroke-width=\"1\" fill=\"none\" fill-rule=\"evenodd\"><g transform=\"translate(-511.000000, -20.000000)\" fill=\"#000000\"><g><path d=\"M556.869,30.41 C554.814,30.41 553.148,32.076 553.148,34.131 C553.148,36.186 554.814,37.852 556.869,37.852 C558.924,37.852 560.59,36.186 560.59,34.131 C560.59,32.076 558.924,30.41 556.869,30.41 M541,60.657 C535.114,60.657 530.342,55.887 530.342,50 C530.342,44.114 535.114,39.342 541,39.342 C546.887,39.342 551.658,44.114 551.658,50 C551.658,55.887 546.887,60.657 541,60.657 M541,33.886 C532.1,33.886 524.886,41.1 524.886,50 C524.886,58.899 532.1,66.113 541,66.113 C549.9,66.113 557.115,58.899 557.115,50 C557.115,41.1 549.9,33.886 541,33.886 M565.378,62.101 C565.244,65.022 564.756,66.606 564.346,67.663 C563.803,69.06 563.154,70.057 562.106,71.106 C561.058,72.155 560.06,72.803 558.662,73.347 C557.607,73.757 556.021,74.244 553.102,74.378 C549.944,74.521 548.997,74.552 541,74.552 C533.003,74.552 532.056,74.521 528.898,74.378 C525.979,74.244 524.393,73.757 523.338,73.347 C521.94,72.803 520.942,72.155 519.894,71.106 C518.846,70.057 518.197,69.06 517.654,67.663 C517.244,66.606 516.755,65.022 516.623,62.101 C516.479,58.943 516.448,57.996 516.448,50 C516.448,42.003 516.479,41.056 516.623,37.899 C516.755,34.978 517.244,33.391 517.654,32.338 C518.197,30.938 518.846,29.942 519.894,28.894 C520.942,27.846 521.94,27.196 523.338,26.654 C524.393,26.244 525.979,25.756 528.898,25.623 C532.057,25.479 533.004,25.448 541,25.448 C548.997,25.448 549.943,25.479 553.102,25.623 C556.021,25.756 557.607,26.244 558.662,26.654 C560.06,27.196 561.058,27.846 562.106,28.894 C563.154,29.942 563.803,30.938 564.346,32.338 C564.756,33.391 565.244,34.978 565.378,37.899 C565.522,41.056 565.552,42.003 565.552,50 C565.552,57.996 565.522,58.943 565.378,62.101 M570.82,37.631 C570.674,34.438 570.167,32.258 569.425,30.349 C568.659,28.377 567.633,26.702 565.965,25.035 C564.297,23.368 562.623,22.342 560.652,21.575 C558.743,20.834 556.562,20.326 553.369,20.18 C550.169,20.033 549.148,20 541,20 C532.853,20 531.831,20.033 528.631,20.18 C525.438,20.326 523.257,20.834 521.349,21.575 C519.376,22.342 517.703,23.368 516.035,25.035 C514.368,26.702 513.342,28.377 512.574,30.349 C511.834,32.258 511.326,34.438 511.181,37.631 C511.035,40.831 511,41.851 511,50 C511,58.147 511.035,59.17 511.181,62.369 C511.326,65.562 511.834,67.743 512.574,69.651 C513.342,71.625 514.368,73.296 516.035,74.965 C517.703,76.634 519.376,77.658 521.349,78.425 C523.257,79.167 525.438,79.673 528.631,79.82 C531.831,79.965 532.853,80.001 541,80.001 C549.148,80.001 550.169,79.965 553.369,79.82 C556.562,79.673 558.743,79.167 560.652,78.425 C562.623,77.658 564.297,76.634 565.965,74.965 C567.633,73.296 568.659,71.625 569.425,69.651 C570.167,67.743 570.674,65.562 570.82,62.369 C570.966,59.17 571,58.147 571,50 C571,41.851 570.966,40.831 570.82,37.631\"><\/path><\/g><\/g><\/g><\/svg><\/div><div style=\"padding-top: 8px;\"> <div style=\" color:#3897f0; font-family:Arial,sans-serif; font-size:14px; font-style:normal; font-weight:550; line-height:18px;\">View this post on Instagram<\/div><\/div><div style=\"padding: 12.5% 0;\"><\/div> <div style=\"display: flex; flex-direction: row; margin-bottom: 14px; align-items: center;\"><div> <div style=\"background-color: #F4F4F4; border-radius: 50%; height: 12.5px; width: 12.5px; transform: translateX(0px) translateY(7px);\"><\/div> <div style=\"background-color: #F4F4F4; height: 12.5px; transform: rotate(-45deg) translateX(3px) translateY(1px); width: 12.5px; flex-grow: 0; margin-right: 14px; margin-left: 2px;\"><\/div> <div style=\"background-color: #F4F4F4; border-radius: 50%; height: 12.5px; width: 12.5px; transform: translateX(9px) translateY(-18px);\"><\/div><\/div><div style=\"margin-left: 8px;\"> <div style=\" background-color: #F4F4F4; border-radius: 50%; flex-grow: 0; height: 20px; width: 20px;\"><\/div> <div style=\" width: 0; height: 0; border-top: 2px solid transparent; border-left: 6px solid #f4f4f4; border-bottom: 2px solid transparent; transform: translateX(16px) translateY(-4px) rotate(30deg)\"><\/div><\/div><div style=\"margin-left: auto;\"> <div style=\" width: 0px; border-top: 8px solid #F4F4F4; border-right: 8px solid transparent; transform: translateY(16px);\"><\/div> <div style=\" background-color: #F4F4F4; flex-grow: 0; height: 12px; width: 16px; transform: translateY(-4px);\"><\/div> <div style=\" width: 0; height: 0; border-top: 8px solid #F4F4F4; border-left: 8px solid transparent; transform: translateY(-4px) translateX(8px);\"><\/div><\/div><\/div> <div style=\"display: flex; flex-direction: column; flex-grow: 1; justify-content: center; margin-bottom: 24px;\"> <div style=\" background-color: #F4F4F4; border-radius: 4px; flex-grow: 0; height: 14px; margin-bottom: 6px; width: 224px;\"><\/div> <div style=\" background-color: #F4F4F4; border-radius: 4px; flex-grow: 0; height: 14px; width: 144px;\"><\/div><\/div><\/a><p style=\" color:#c9c8cd; font-family:Arial,sans-serif; font-size:14px; line-height:17px; margin-bottom:0; margin-top:8px; overflow:hidden; padding:8px 0 7px; text-align:center; text-overflow:ellipsis; white-space:nowrap;\"><a href=\"https:\/\/www.instagram.com\/p\/DF6SQoRPxja\/?utm_source=ig_embed&amp;utm_campaign=loading\" style=\" color:#c9c8cd; font-family:Arial,sans-serif; font-size:14px; font-style:normal; font-weight:normal; line-height:17px; text-decoration:none;\" target=\"_blank\">A post shared by Frente Ni Una Menos Olavarr\u00eda (@frenteniunamenosolavarria)<\/a><\/p><\/div><\/blockquote><script async src=\"\/\/platform.instagram.com\/en_US\/embeds.js\"><\/script>\n<\/div><\/figure>\n\n\n\n<p><\/p>\n\n\n\n<p><strong>La presencia en las calles y la crisis sobre la idea de trabajo<\/strong><\/p>\n\n\n\n<p><br>De cara a un nuevo 8M, Da Cruz sostuvo que la convocatoria es distinta porque \u201ctenemos un gobierno actual que se ha enfocado en retirar todo este tipo de pol\u00edticas que son obligaci\u00f3n por parte del Estado, pero que<strong> deciden no asumir esa responsabilidad que tienen<\/strong>\u201d.<\/p>\n\n\n\n<p><br>\u201c<strong>La presencia en las calles, el reclamo, tiene que sentirse m\u00e1s, tiene que visibilizarse m\u00e1s. <\/strong>Para nuestra organizaci\u00f3n el llamado es a que nos juntemos, a que entendamos que esta lucha es de todas las mujeres y disidencias que no les est\u00e1n cumpliendo con el cupo laboral trans\u201d, indic\u00f3.<\/p>\n\n\n\n<p><br>Desde hace a\u00f1os hubo una<strong> \u201cimplosi\u00f3n de la idea de trabajo formal\u201d.<\/strong> Es decir, \u201cesta imagen hegem\u00f3nica de un empleo asalariado y masculino no compatibiliza con la realidad social. Esta crisis sobre la idea de trabajo, sobre la forma de trabajar, permiti\u00f3 al conservadurismo, a estas ideas fascistas, impregnar con ideas de micro-emprendedurismo, con el individualismo, con decir \u2018si yo me esfuerzo, yo voy a poder\u2019 cuando no funciona as\u00ed ni siquiera el sistema laboral en su conjunto\u201d.<\/p>\n\n\n\n<p><br><\/p>\n\n\n\n<blockquote class=\"wp-block-quote is-layout-flow wp-block-quote-is-layout-flow\">\n<p>\u201cEl derecho al trabajo es un derecho humano b\u00e1sico y tiene que sentirse a\u00fan m\u00e1s este 8M por el contexto en el que estamos y por las necesidades reales en nuestras condiciones materiales\u201d, se\u00f1al\u00f3 Da Cruz.<\/p>\n<\/blockquote>\n\n\n\n<p><br>Y concluy\u00f3: \u201c<strong>el trabajo es poco, est\u00e1 mal remunerado, precarizado y no nos alcanza. <\/strong>Encima al momento de pensar en retirarnos del mercado laboral para poder obtener una jubilaci\u00f3n m\u00ednima, <strong>nos van a sacar esa posibilidad si no hay una continuidad de moratoria y una posibilidad de regularizar aportes <\/strong>para llegar al requisito que tiene hoy la ley\u201d.<\/p>\n","protected":false},"excerpt":{"rendered":"<p>Desde el Frente Ni Una Menos Olavarr\u00eda dieron cuenta del impacto de la medida en las mujeres y disidencias: 9<\/p>\n","protected":false},"author":5,"featured_media":164275,"comment_status":"closed","ping_status":"closed","sticky":false,"template":"","format":"standard","meta":{"_jetpack_memberships_contains_paid_content":false,"footnotes":""},"categories":[3,1],"tags":[],"class_list":["post-164235","post","type-post","status-publish","format-standard","has-post-thumbnail","hentry","category-genero","category-portada"],"jetpack_featured_media_url":"https:\/\/i0.wp.com\/cdnoticias.com\/wp-content\/uploads\/2025\/02\/WhatsApp-Image-2025-02-14-at-18.23.55.jpeg?fit=1600%2C1327&ssl=1","jetpack_sharing_enabled":true,"_links":{"self":[{"href":"https:\/\/cdnoticias.com\/index.php\/wp-json\/wp\/v2\/posts\/164235","targetHints":{"allow":["GET"]}}],"collection":[{"href":"https:\/\/cdnoticias.com\/index.php\/wp-json\/wp\/v2\/posts"}],"about":[{"href":"https:\/\/cdnoticias.com\/index.php\/wp-json\/wp\/v2\/types\/post"}],"author":[{"embeddable":true,"href":"https:\/\/cdnoticias.com\/index.php\/wp-json\/wp\/v2\/users\/5"}],"replies":[{"embeddable":true,"href":"https:\/\/cdnoticias.com\/index.php\/wp-json\/wp\/v2\/comments?post=164235"}],"version-history":[{"count":0,"href":"https:\/\/cdnoticias.com\/index.php\/wp-json\/wp\/v2\/posts\/164235\/revisions"}],"wp:featuredmedia":[{"embeddable":true,"href":"https:\/\/cdnoticias.com\/index.php\/wp-json\/wp\/v2\/media\/164275"}],"wp:attachment":[{"href":"https:\/\/cdnoticias.com\/index.php\/wp-json\/wp\/v2\/media?parent=164235"}],"wp:term":[{"taxonomy":"category","embeddable":true,"href":"https:\/\/cdnoticias.com\/index.php\/wp-json\/wp\/v2\/categories?post=164235"},{"taxonomy":"post_tag","embeddable":true,"href":"https:\/\/cdnoticias.com\/index.php\/wp-json\/wp\/v2\/tags?post=164235"}],"curies":[{"name":"wp","href":"https:\/\/api.w.org\/{rel}","templated":true}]}}