{"id":16422,"date":"2021-03-17T08:18:38","date_gmt":"2021-03-17T11:18:38","guid":{"rendered":"http:\/\/www.centraldenoticias.com.ar\/?p=16422"},"modified":"2021-03-17T08:18:38","modified_gmt":"2021-03-17T11:18:38","slug":"mirta-susana-fernandez-de-marchetti-q-e-p-d","status":"publish","type":"post","link":"https:\/\/cdnoticias.com\/index.php\/2021\/03\/17\/mirta-susana-fernandez-de-marchetti-q-e-p-d\/","title":{"rendered":"Mirta Susana Fern\u00e1ndez de Marchetti (Q.E.P.D.)"},"content":{"rendered":"<p>Falleci\u00f3 en Olavarr\u00eda el d\u00eda 17 de marzo de 2021 a los 76 a\u00f1os de edad. Su esposo Carlos Alberto Marchetti; sus hijos: Guillermo y Federico; su hermana Elsa Fern\u00e1ndez; sus hijas pol\u00edticas: Josefina y Yamila; sus nietos: Guadalupe, Ariadnna, Francesca y Esteban; sus cu\u00f1ados: Eduardo y Domingo; sus sobrinos y dem\u00e1s deudos participan su fallecimiento.<\/p>\n<p>Velatorio: Sala &#8220;B&#8221; de Espa\u00f1a 2942, mi\u00e9rcoles 17 de marzo de 7:30 a 9:30 horas. Responso: Capilla Ardiente. Inhumaci\u00f3n: Cementerio Loma de Paz, mi\u00e9rcoles 17 de marzo a las 9:30. Servicio adherido a Coopelectric.<\/p>\n<p>Vecina del barrio Sarmiento.<\/p>\n<p>Lugar de nacimiento: Cachar\u00ed.<\/p>\n<p>Actividad que desarrollaba: Jubilada.<\/p>\n","protected":false},"excerpt":{"rendered":"<p>Falleci\u00f3 en Olavarr\u00eda el d\u00eda 17 de marzo de 2021 a los 76 a\u00f1os de edad. Su esposo Carlos Alberto<\/p>\n","protected":false},"author":4,"featured_media":0,"comment_status":"closed","ping_status":"closed","sticky":false,"template":"","format":"standard","meta":{"_jetpack_memberships_contains_paid_content":false,"footnotes":""},"categories":[10],"tags":[],"class_list":["post-16422","post","type-post","status-publish","format-standard","hentry","category-necrologicas"],"jetpack_featured_media_url":"","jetpack_sharing_enabled":true,"_links":{"self":[{"href":"https:\/\/cdnoticias.com\/index.php\/wp-json\/wp\/v2\/posts\/16422","targetHints":{"allow":["GET"]}}],"collection":[{"href":"https:\/\/cdnoticias.com\/index.php\/wp-json\/wp\/v2\/posts"}],"about":[{"href":"https:\/\/cdnoticias.com\/index.php\/wp-json\/wp\/v2\/types\/post"}],"author":[{"embeddable":true,"href":"https:\/\/cdnoticias.com\/index.php\/wp-json\/wp\/v2\/users\/4"}],"replies":[{"embeddable":true,"href":"https:\/\/cdnoticias.com\/index.php\/wp-json\/wp\/v2\/comments?post=16422"}],"version-history":[{"count":0,"href":"https:\/\/cdnoticias.com\/index.php\/wp-json\/wp\/v2\/posts\/16422\/revisions"}],"wp:attachment":[{"href":"https:\/\/cdnoticias.com\/index.php\/wp-json\/wp\/v2\/media?parent=16422"}],"wp:term":[{"taxonomy":"category","embeddable":true,"href":"https:\/\/cdnoticias.com\/index.php\/wp-json\/wp\/v2\/categories?post=16422"},{"taxonomy":"post_tag","embeddable":true,"href":"https:\/\/cdnoticias.com\/index.php\/wp-json\/wp\/v2\/tags?post=16422"}],"curies":[{"name":"wp","href":"https:\/\/api.w.org\/{rel}","templated":true}]}}