{"id":16390,"date":"2021-03-17T20:57:04","date_gmt":"2021-03-17T23:57:04","guid":{"rendered":"http:\/\/www.centraldenoticias.com.ar\/?p=16390"},"modified":"2021-03-17T20:57:04","modified_gmt":"2021-03-17T23:57:04","slug":"el-plan-de-la-mariposa-tocara-en-olavarria","status":"publish","type":"post","link":"https:\/\/cdnoticias.com\/index.php\/2021\/03\/17\/el-plan-de-la-mariposa-tocara-en-olavarria\/","title":{"rendered":"El Plan de la Mariposa tocar\u00e1 en Olavarr\u00eda"},"content":{"rendered":"<p>Ser\u00e1 en el Teatro Municipal el 30 de abril bajo estrictos protocolos. Vienen de agotar varios shows y presentar\u00e1n \u201cEstado de enlace\u201d su quinto disco de estudio.<!--more--><\/p>\n<hr \/>\n<p>En la reanudaci\u00f3n de varios shows con protocolos por la pandemia, <strong>la reconocida banda El Plan de la Mariposa tocar\u00e1 en Olavarr\u00eda, m\u00e1s precisamente en el Teatro Municipal el pr\u00f3ximo 30 de abril.<\/strong><\/p>\n<p>&nbsp;<\/p>\n<p>Tras agotar varias fechas \u2013incluida una en el Hip\u00f3dromo de Buenos Aires- <strong>El Plan presentar\u00e1 su quinto disco de estudio, \u201cEstado de enlace\u201d, en el Teatro local con capacidad reducida por la pandemia.<\/strong><\/p>\n<p>&nbsp;<\/p>\n<p><strong>Durante 2020 realizaron dos exitosos shows v\u00eda streaming<\/strong>, uno de ellos desde la intimidad de su casa y el otro con una puesta escenogr\u00e1fica distinta, especialmente dise\u00f1ada para esta propuesta, donde el arte en todas sus variantes acompa\u00f1\u00f3 la fuerza de las canciones afirmando la esencia creativa del proyecto. Fueron parte de esa escenograf\u00eda las obras de Luis Ropero y de Santiago Andersen.<\/p>\n<p>&nbsp;<\/p>\n<p><img data-recalc-dims=\"1\" loading=\"lazy\" decoding=\"async\" class=\"alignnone size-full wp-image-16391\" src=\"https:\/\/i0.wp.com\/cdnoticias.com\/wp-content\/uploads\/2021\/03\/160918778_488643392142614_9207168224233706008_n.jpg?resize=500%2C262&#038;ssl=1\" alt=\"\" width=\"500\" height=\"262\" srcset=\"https:\/\/i0.wp.com\/cdnoticias.com\/wp-content\/uploads\/2021\/03\/160918778_488643392142614_9207168224233706008_n.jpg?w=500&amp;ssl=1 500w, https:\/\/i0.wp.com\/cdnoticias.com\/wp-content\/uploads\/2021\/03\/160918778_488643392142614_9207168224233706008_n.jpg?resize=300%2C157&amp;ssl=1 300w, https:\/\/i0.wp.com\/cdnoticias.com\/wp-content\/uploads\/2021\/03\/160918778_488643392142614_9207168224233706008_n.jpg?resize=390%2C205&amp;ssl=1 390w\" sizes=\"auto, (max-width: 500px) 100vw, 500px\" \/><\/p>\n<p>&nbsp;<\/p>\n<p>\u201cEstado de Enlace\u201d fue grabado y mezclado por Facundo Rodriguez en los estudios Romaphonic, Quark y Savia, y masterizado por Daniel Ovie, con la producci\u00f3n art\u00edstica a cargo de los hermanos M\u00e1ximo, Sebasti\u00e1n y Valent\u00edn Andersen.\u00a0 Siempre alimentando la creatividad, de este nuevo trabajo cuentan con videos las canciones \u201cOro de abeja\u201d, \u201cGas Pimienta y a brindar\u201d, \u201cEsquina Impar\u201d, \u201cT\u00fanel de la vida\u201d, \u201cUn mal delito entre confiar o morir\u201d y \u201cRevoluciones Caseras\u201d.<\/p>\n<p>&nbsp;<\/p>\n<p><strong>Las entradas anticipadas se vender\u00e1n en la boleter\u00eda del teatro y, adem\u00e1s, en la p\u00e1gina tuentrada.com.<\/strong> Se insisti\u00f3 en que se deber\u00e1n respetar a rajatabla los protocolos por COVID-19 con burbujas de hasta dos personas, sentados y con barbijo colocado.<\/p>\n<p>&nbsp;<\/p>\n<blockquote><p>Los valores de las entradas ser\u00e1n platea baja $1.400, platea alta $1.200 y pulman $1.000.<\/p><\/blockquote>\n","protected":false},"excerpt":{"rendered":"<p>Ser\u00e1 en el Teatro Municipal el 30 de abril bajo estrictos protocolos. Vienen de agotar varios shows y presentar\u00e1n \u201cEstado<\/p>\n","protected":false},"author":5,"featured_media":16392,"comment_status":"closed","ping_status":"closed","sticky":false,"template":"","format":"standard","meta":{"_jetpack_memberships_contains_paid_content":false,"footnotes":""},"categories":[9,1],"tags":[],"class_list":["post-16390","post","type-post","status-publish","format-standard","has-post-thumbnail","hentry","category-cultura","category-portada"],"jetpack_featured_media_url":"https:\/\/i0.wp.com\/cdnoticias.com\/wp-content\/uploads\/2021\/03\/el-plan.jpg?fit=5760%2C3840&ssl=1","jetpack_sharing_enabled":true,"_links":{"self":[{"href":"https:\/\/cdnoticias.com\/index.php\/wp-json\/wp\/v2\/posts\/16390","targetHints":{"allow":["GET"]}}],"collection":[{"href":"https:\/\/cdnoticias.com\/index.php\/wp-json\/wp\/v2\/posts"}],"about":[{"href":"https:\/\/cdnoticias.com\/index.php\/wp-json\/wp\/v2\/types\/post"}],"author":[{"embeddable":true,"href":"https:\/\/cdnoticias.com\/index.php\/wp-json\/wp\/v2\/users\/5"}],"replies":[{"embeddable":true,"href":"https:\/\/cdnoticias.com\/index.php\/wp-json\/wp\/v2\/comments?post=16390"}],"version-history":[{"count":0,"href":"https:\/\/cdnoticias.com\/index.php\/wp-json\/wp\/v2\/posts\/16390\/revisions"}],"wp:featuredmedia":[{"embeddable":true,"href":"https:\/\/cdnoticias.com\/index.php\/wp-json\/wp\/v2\/media\/16392"}],"wp:attachment":[{"href":"https:\/\/cdnoticias.com\/index.php\/wp-json\/wp\/v2\/media?parent=16390"}],"wp:term":[{"taxonomy":"category","embeddable":true,"href":"https:\/\/cdnoticias.com\/index.php\/wp-json\/wp\/v2\/categories?post=16390"},{"taxonomy":"post_tag","embeddable":true,"href":"https:\/\/cdnoticias.com\/index.php\/wp-json\/wp\/v2\/tags?post=16390"}],"curies":[{"name":"wp","href":"https:\/\/api.w.org\/{rel}","templated":true}]}}