{"id":16366,"date":"2021-03-16T13:47:57","date_gmt":"2021-03-16T16:47:57","guid":{"rendered":"http:\/\/www.centraldenoticias.com.ar\/?p=16366"},"modified":"2021-03-16T13:47:57","modified_gmt":"2021-03-16T16:47:57","slug":"galli-se-mostro-en-espacios-renovados-del-hospital","status":"publish","type":"post","link":"https:\/\/cdnoticias.com\/index.php\/2021\/03\/16\/galli-se-mostro-en-espacios-renovados-del-hospital\/","title":{"rendered":"Galli se mostr\u00f3 en espacios renovados del Hospital"},"content":{"rendered":"<p>El jefe comunal recorri\u00f3 las instalaciones junto a las autoridades de Salud, Germ\u00e1n Caputo y Christian Waimann, y se mostraron las mejoras edilicias.<!--more--><\/p>\n<hr \/>\n<p>Este martes por la ma\u00f1ana,<strong> el intendente Ezequiel Galli recorri\u00f3 el Hospital Municipal \u201cDr. H\u00e9ctor M. Cura\u201d<\/strong>. Estuvo acompa\u00f1ado por el secretario de Salud, Germ\u00e1n Caputo, y el subsecretario, Christian Waimann.<\/p>\n<p>&nbsp;<\/p>\n<p>El jefe comunal <strong>se mostr\u00f3 en espacios renovados del centro de salud<\/strong>: la farmacia y la Unidad Coronaria.<\/p>\n<p><img data-recalc-dims=\"1\" loading=\"lazy\" decoding=\"async\" class=\"aligncenter wp-image-16368 size-large\" src=\"https:\/\/i0.wp.com\/cdnoticias.com\/wp-content\/uploads\/2021\/03\/Salud-Recorrida-Farmacia-UCO.jpg?resize=800%2C533&#038;ssl=1\" alt=\"\" width=\"800\" height=\"533\" srcset=\"https:\/\/i0.wp.com\/cdnoticias.com\/wp-content\/uploads\/2021\/03\/Salud-Recorrida-Farmacia-UCO.jpg?resize=1024%2C682&amp;ssl=1 1024w, https:\/\/i0.wp.com\/cdnoticias.com\/wp-content\/uploads\/2021\/03\/Salud-Recorrida-Farmacia-UCO.jpg?resize=300%2C200&amp;ssl=1 300w, https:\/\/i0.wp.com\/cdnoticias.com\/wp-content\/uploads\/2021\/03\/Salud-Recorrida-Farmacia-UCO.jpg?resize=768%2C512&amp;ssl=1 768w, https:\/\/i0.wp.com\/cdnoticias.com\/wp-content\/uploads\/2021\/03\/Salud-Recorrida-Farmacia-UCO.jpg?resize=272%2C182&amp;ssl=1 272w, https:\/\/i0.wp.com\/cdnoticias.com\/wp-content\/uploads\/2021\/03\/Salud-Recorrida-Farmacia-UCO.jpg?w=1181&amp;ssl=1 1181w\" sizes=\"auto, (max-width: 800px) 100vw, 800px\" \/><\/p>\n<p>&nbsp;<\/p>\n<p>Seg\u00fan se detall\u00f3, \u201c<strong>la nueva Farmacia<\/strong>, emplazada sobre avenida Sarmiento (donde antes era el bufet), en un espacio totalmente renovado que permite que no se genere aglomeraci\u00f3n de personas dentro del nosocomio. La misma funciona en el horario de 8 a 14 horas\u201d.<\/p>\n<p>&nbsp;<\/p>\n<p>Adem\u00e1s, tambi\u00e9n estuvo en \u201c<strong>el espacio de UCO<\/strong> en el que se realizaron notables mejoras en los paneles de gases, reformas edilicias de las habitaciones e instalaci\u00f3n el\u00e9ctrica: obras que permiten una mayor comodidad y atenci\u00f3n para los pacientes\u201d.<\/p>\n<p>&nbsp;<\/p>\n","protected":false},"excerpt":{"rendered":"<p>El jefe comunal recorri\u00f3 las instalaciones junto a las autoridades de Salud, Germ\u00e1n Caputo y Christian Waimann, y se mostraron<\/p>\n","protected":false},"author":4,"featured_media":16367,"comment_status":"closed","ping_status":"closed","sticky":false,"template":"","format":"standard","meta":{"_jetpack_memberships_contains_paid_content":false,"footnotes":""},"categories":[5,1],"tags":[],"class_list":["post-16366","post","type-post","status-publish","format-standard","has-post-thumbnail","hentry","category-informacion-general","category-portada"],"jetpack_featured_media_url":"https:\/\/i0.wp.com\/cdnoticias.com\/wp-content\/uploads\/2021\/03\/Salud-Recorrida-Farmacia-UCO-2.jpg?fit=1181%2C787&ssl=1","jetpack_sharing_enabled":true,"_links":{"self":[{"href":"https:\/\/cdnoticias.com\/index.php\/wp-json\/wp\/v2\/posts\/16366","targetHints":{"allow":["GET"]}}],"collection":[{"href":"https:\/\/cdnoticias.com\/index.php\/wp-json\/wp\/v2\/posts"}],"about":[{"href":"https:\/\/cdnoticias.com\/index.php\/wp-json\/wp\/v2\/types\/post"}],"author":[{"embeddable":true,"href":"https:\/\/cdnoticias.com\/index.php\/wp-json\/wp\/v2\/users\/4"}],"replies":[{"embeddable":true,"href":"https:\/\/cdnoticias.com\/index.php\/wp-json\/wp\/v2\/comments?post=16366"}],"version-history":[{"count":0,"href":"https:\/\/cdnoticias.com\/index.php\/wp-json\/wp\/v2\/posts\/16366\/revisions"}],"wp:featuredmedia":[{"embeddable":true,"href":"https:\/\/cdnoticias.com\/index.php\/wp-json\/wp\/v2\/media\/16367"}],"wp:attachment":[{"href":"https:\/\/cdnoticias.com\/index.php\/wp-json\/wp\/v2\/media?parent=16366"}],"wp:term":[{"taxonomy":"category","embeddable":true,"href":"https:\/\/cdnoticias.com\/index.php\/wp-json\/wp\/v2\/categories?post=16366"},{"taxonomy":"post_tag","embeddable":true,"href":"https:\/\/cdnoticias.com\/index.php\/wp-json\/wp\/v2\/tags?post=16366"}],"curies":[{"name":"wp","href":"https:\/\/api.w.org\/{rel}","templated":true}]}}