{"id":16361,"date":"2021-03-17T11:02:19","date_gmt":"2021-03-17T14:02:19","guid":{"rendered":"http:\/\/www.centraldenoticias.com.ar\/?p=16361"},"modified":"2021-03-17T11:03:18","modified_gmt":"2021-03-17T14:03:18","slug":"puro-veneno-interpretacion-local-para-visibilizar-la-violencia-de-genero","status":"publish","type":"post","link":"https:\/\/cdnoticias.com\/index.php\/2021\/03\/17\/puro-veneno-interpretacion-local-para-visibilizar-la-violencia-de-genero\/","title":{"rendered":"\u201cPuro veneno\u201d, interpretaci\u00f3n local para visibilizar la violencia de g\u00e9nero"},"content":{"rendered":"<p>La artista y activista Madame Lu, y los core\u00f3grafos Iv\u00e1n Padin y Je Paz hablaron de su performance en \u201cChamula Tierra de las Artes\u201d.<!--more--><\/p>\n<hr \/>\n<p><strong>\u201c\u00a1El arte nos ayuda a visibilizar!\u201d<\/strong> sostuvieron la <strong>artista y activista Madame Lu<\/strong> junto al <strong>core\u00f3grafo Iv\u00e1n Padin<\/strong> en referencia al espect\u00e1culo que presentaron este fin de semana en el <strong>Espacio Cultural \u201cChamula Tierra de las Artes\u201d<\/strong>.<\/p>\n<p>&nbsp;<\/p>\n<p>Interpretaron el tema <strong>\u201cPuro veneno\u201d<\/strong> de Nathy Peluso con<strong> coreograf\u00eda de Je Paz<\/strong>.<\/p>\n<p>&nbsp;<\/p>\n<p>De esta manera <strong>abordaron a trav\u00e9s de una performance la violencia machista y patriarcal,<\/strong> cada vez m\u00e1s presente.<\/p>\n<p><img data-recalc-dims=\"1\" loading=\"lazy\" decoding=\"async\" class=\"aligncenter wp-image-16363 size-large\" src=\"https:\/\/i0.wp.com\/cdnoticias.com\/wp-content\/uploads\/2021\/03\/madame-lu-coreografia-4.jpeg?resize=800%2C600&#038;ssl=1\" alt=\"\" width=\"800\" height=\"600\" srcset=\"https:\/\/i0.wp.com\/cdnoticias.com\/wp-content\/uploads\/2021\/03\/madame-lu-coreografia-4.jpeg?resize=1024%2C768&amp;ssl=1 1024w, https:\/\/i0.wp.com\/cdnoticias.com\/wp-content\/uploads\/2021\/03\/madame-lu-coreografia-4.jpeg?resize=300%2C225&amp;ssl=1 300w, https:\/\/i0.wp.com\/cdnoticias.com\/wp-content\/uploads\/2021\/03\/madame-lu-coreografia-4.jpeg?resize=768%2C576&amp;ssl=1 768w, https:\/\/i0.wp.com\/cdnoticias.com\/wp-content\/uploads\/2021\/03\/madame-lu-coreografia-4.jpeg?w=1280&amp;ssl=1 1280w\" sizes=\"auto, (max-width: 800px) 100vw, 800px\" \/><\/p>\n<p>\u201cEsa violencia que hace mal, que enferma y asfixia apoder\u00e1ndose de nosotros haci\u00e9ndonos sentir miedo\u201d dijo la artista quien tuvo en cuenta que <strong>\u201chemos estado expuestos desde siempre a los ataques violentos<\/strong> ya sean en el hogar, en el trabajo y en calles. El abuso sexual, la agresi\u00f3n f\u00edsica, la violencia psicol\u00f3gica y dem\u00e1s han formado y siguen formando parte de nuestras vidas\u201d.<\/p>\n<p>&nbsp;<\/p>\n<p>Plante\u00f3 con ello que \u201choy estamos m\u00e1s firmes que nunca, <strong>pero esa triste e indignante realidad sigue pasando y parece que no cesa. Los femicidios y transfemicidios siguen ocurriendo cada vez m\u00e1s<\/strong>\u201d.<\/p>\n<p><img data-recalc-dims=\"1\" loading=\"lazy\" decoding=\"async\" class=\"aligncenter wp-image-16362 size-large\" src=\"https:\/\/i0.wp.com\/cdnoticias.com\/wp-content\/uploads\/2021\/03\/madame-lu-coreografia-3.jpeg?resize=800%2C600&#038;ssl=1\" alt=\"\" width=\"800\" height=\"600\" srcset=\"https:\/\/i0.wp.com\/cdnoticias.com\/wp-content\/uploads\/2021\/03\/madame-lu-coreografia-3.jpeg?resize=1024%2C768&amp;ssl=1 1024w, https:\/\/i0.wp.com\/cdnoticias.com\/wp-content\/uploads\/2021\/03\/madame-lu-coreografia-3.jpeg?resize=300%2C225&amp;ssl=1 300w, https:\/\/i0.wp.com\/cdnoticias.com\/wp-content\/uploads\/2021\/03\/madame-lu-coreografia-3.jpeg?resize=768%2C576&amp;ssl=1 768w, https:\/\/i0.wp.com\/cdnoticias.com\/wp-content\/uploads\/2021\/03\/madame-lu-coreografia-3.jpeg?w=1280&amp;ssl=1 1280w\" sizes=\"auto, (max-width: 800px) 100vw, 800px\" \/><\/p>\n<p>Los core\u00f3grafos se\u00f1alaron que \u201cdesde el respeto en conjunto con nuestro arte <strong>quisimos visibilizar lo que se vive a diario<\/strong>, algo tan fuerte y doloroso como la violencia en este caso en el hogar\u201d.<\/p>\n<p>&nbsp;<\/p>\n<p><strong>\u201cQueremos vivir no sobrevivir, en nuestros hogares y cuando salimos a la calle no queremos tener m\u00e1s miedo&#8221;<\/strong> concluy\u00f3 Madame Lu.<\/p>\n","protected":false},"excerpt":{"rendered":"<p>La artista y activista Madame Lu, y los core\u00f3grafos Iv\u00e1n Padin y Je Paz hablaron de su performance en \u201cChamula<\/p>\n","protected":false},"author":4,"featured_media":16364,"comment_status":"closed","ping_status":"closed","sticky":false,"template":"","format":"standard","meta":{"_jetpack_memberships_contains_paid_content":false,"footnotes":""},"categories":[3,1],"tags":[],"class_list":["post-16361","post","type-post","status-publish","format-standard","has-post-thumbnail","hentry","category-genero","category-portada"],"jetpack_featured_media_url":"https:\/\/i0.wp.com\/cdnoticias.com\/wp-content\/uploads\/2021\/03\/madame-lu-coreografia-1.jpeg?fit=1152%2C714&ssl=1","jetpack_sharing_enabled":true,"_links":{"self":[{"href":"https:\/\/cdnoticias.com\/index.php\/wp-json\/wp\/v2\/posts\/16361","targetHints":{"allow":["GET"]}}],"collection":[{"href":"https:\/\/cdnoticias.com\/index.php\/wp-json\/wp\/v2\/posts"}],"about":[{"href":"https:\/\/cdnoticias.com\/index.php\/wp-json\/wp\/v2\/types\/post"}],"author":[{"embeddable":true,"href":"https:\/\/cdnoticias.com\/index.php\/wp-json\/wp\/v2\/users\/4"}],"replies":[{"embeddable":true,"href":"https:\/\/cdnoticias.com\/index.php\/wp-json\/wp\/v2\/comments?post=16361"}],"version-history":[{"count":0,"href":"https:\/\/cdnoticias.com\/index.php\/wp-json\/wp\/v2\/posts\/16361\/revisions"}],"wp:featuredmedia":[{"embeddable":true,"href":"https:\/\/cdnoticias.com\/index.php\/wp-json\/wp\/v2\/media\/16364"}],"wp:attachment":[{"href":"https:\/\/cdnoticias.com\/index.php\/wp-json\/wp\/v2\/media?parent=16361"}],"wp:term":[{"taxonomy":"category","embeddable":true,"href":"https:\/\/cdnoticias.com\/index.php\/wp-json\/wp\/v2\/categories?post=16361"},{"taxonomy":"post_tag","embeddable":true,"href":"https:\/\/cdnoticias.com\/index.php\/wp-json\/wp\/v2\/tags?post=16361"}],"curies":[{"name":"wp","href":"https:\/\/api.w.org\/{rel}","templated":true}]}}