{"id":1634,"date":"2020-09-15T19:13:14","date_gmt":"2020-09-15T22:13:14","guid":{"rendered":"http:\/\/www.centraldenoticias.com.ar\/?p=1634"},"modified":"2020-09-15T19:13:14","modified_gmt":"2020-09-15T22:13:14","slug":"maria-del-carmen-ponce-de-galli-q-e-p-d","status":"publish","type":"post","link":"https:\/\/cdnoticias.com\/index.php\/2020\/09\/15\/maria-del-carmen-ponce-de-galli-q-e-p-d\/","title":{"rendered":"Mar\u00eda del Carmen Ponce de Galli (Q.E.P.D.)"},"content":{"rendered":"<p>Falleci\u00f3 en Olavarr\u00eda a los 57 a\u00f1os de edad. Su esposo Oscar Alberto Galli, sus hijos Mat\u00edas, Gerardo, Anabella, Victoria y Camila Galli; sus nietos Mat\u00edas, Mat\u00edas, Federico, M\u00eda, Guadalupe y Alma; Sus bisnietos Santiago y Sof\u00eda Farra; sus hermanos Graciela y Roberto Ponce; sus nueras Ver\u00f3nica Perla y Estefan\u00eda Peresan; sus yernos Darian Laborde y Juli\u00e1n Salas; la familia Nesprias y dem\u00e1s deudos participan su fallecimiento.<\/p>\n<p>&nbsp;<\/p>\n<p>Sus restos ser\u00e1n inhumados en el cementerio Loma de Paz, este mi\u00e9rcoles a las 10:30. Vecina del barrio Mart\u00edn Fierro. Oriunda de Olavarr\u00eda, criada en Sierra Chica. Ama de casa.<\/p>\n","protected":false},"excerpt":{"rendered":"<p>Falleci\u00f3 en Olavarr\u00eda a los 57 a\u00f1os de edad. Su esposo Oscar Alberto Galli, sus hijos Mat\u00edas, Gerardo, Anabella, Victoria<\/p>\n","protected":false},"author":5,"featured_media":0,"comment_status":"closed","ping_status":"closed","sticky":false,"template":"","format":"standard","meta":{"_jetpack_memberships_contains_paid_content":false,"footnotes":""},"categories":[10],"tags":[],"class_list":["post-1634","post","type-post","status-publish","format-standard","hentry","category-necrologicas"],"jetpack_featured_media_url":"","jetpack_sharing_enabled":true,"_links":{"self":[{"href":"https:\/\/cdnoticias.com\/index.php\/wp-json\/wp\/v2\/posts\/1634","targetHints":{"allow":["GET"]}}],"collection":[{"href":"https:\/\/cdnoticias.com\/index.php\/wp-json\/wp\/v2\/posts"}],"about":[{"href":"https:\/\/cdnoticias.com\/index.php\/wp-json\/wp\/v2\/types\/post"}],"author":[{"embeddable":true,"href":"https:\/\/cdnoticias.com\/index.php\/wp-json\/wp\/v2\/users\/5"}],"replies":[{"embeddable":true,"href":"https:\/\/cdnoticias.com\/index.php\/wp-json\/wp\/v2\/comments?post=1634"}],"version-history":[{"count":0,"href":"https:\/\/cdnoticias.com\/index.php\/wp-json\/wp\/v2\/posts\/1634\/revisions"}],"wp:attachment":[{"href":"https:\/\/cdnoticias.com\/index.php\/wp-json\/wp\/v2\/media?parent=1634"}],"wp:term":[{"taxonomy":"category","embeddable":true,"href":"https:\/\/cdnoticias.com\/index.php\/wp-json\/wp\/v2\/categories?post=1634"},{"taxonomy":"post_tag","embeddable":true,"href":"https:\/\/cdnoticias.com\/index.php\/wp-json\/wp\/v2\/tags?post=1634"}],"curies":[{"name":"wp","href":"https:\/\/api.w.org\/{rel}","templated":true}]}}