{"id":16272,"date":"2021-03-15T20:17:08","date_gmt":"2021-03-15T23:17:08","guid":{"rendered":"http:\/\/www.centraldenoticias.com.ar\/?p=16272"},"modified":"2021-03-16T08:50:59","modified_gmt":"2021-03-16T11:50:59","slug":"con-algunas-colas-en-la-previa-ypf-ratifica-un-nuevo-aumento-este-martes","status":"publish","type":"post","link":"https:\/\/cdnoticias.com\/index.php\/2021\/03\/15\/con-algunas-colas-en-la-previa-ypf-ratifica-un-nuevo-aumento-este-martes\/","title":{"rendered":"Con algunas colas en la previa, YPF ratifica un nuevo aumento este martes"},"content":{"rendered":"<p>Algunas estaciones de servicio locales ya mostraron algunas colas teniendo en cuenta que desde el martes el combustible costar\u00e1 entre un 6 y 7% m\u00e1s.<!--more--><\/p>\n<hr \/>\n<p>Tras varias subas sorpresivas y \u201ca cuentagotas\u201d <strong>el gobierno autoriz\u00f3 una nueva suba de precios en los combustibles, dividida en tres tramos y que este martes se ratificar\u00e1 con una suba de entre el 6 y el 7%. En Olavarr\u00eda, atentos a esta novedad, comenzaron a verse algunas colas en estaciones de servicio.<\/strong><\/p>\n<p>&nbsp;<\/p>\n<p>El objetivo, seg\u00fan indicaron desde YPF es \u201cmejorar la rentabilidad de la compa\u00f1\u00eda\u201d, que estuvo afectada por la <strong><em>&#8220;devaluaci\u00f3n, la inflaci\u00f3n y la suba del valor del barril de petr\u00f3leo&#8221;<\/em><\/strong>. Tal como sucede en este tipo de subas, se espera que<strong> el resto de las marcas tales como Shell, Axion y Puma acoplen este incremento.<\/strong><\/p>\n<p>&nbsp;<\/p>\n<blockquote><p>Se espera, en tanto, que la suba represente en total el 15% en los pr\u00f3ximos tres meses. Ser\u00e1n tres subas mensuales hasta mayo y despu\u00e9s \u201cno habr\u00e1 incrementos en lo que resta del a\u00f1o\u201d, se inform\u00f3 en primera instancia.<\/p><\/blockquote>\n<p>&nbsp;<\/p>\n<p>De acuerdo con los datos de C\u00e1mara de Entidades de Comercio de Hidrocarburos (Cecha), que nuclea a 5.000 estaciones de servicio de todo el pa\u00eds, en enero, <strong>la venta de naftas cay\u00f3 un 5,3% en comparaci\u00f3n con diciembre y acumula una ca\u00edda de 17,3% en comparaci\u00f3n con febrero de 2020<\/strong>, el mes previo a las medidas que restringieron la circulaci\u00f3n. En el caso del gasoil, la baja fue mayor: 7,7% en comparaci\u00f3n a diciembre y un 15% contra febrero 2020.<\/p>\n<p>&nbsp;<\/p>\n<p>Sin embargo, <strong>el Gobierno mira de reojo esta suba, ya que los fabricantes de alimentos alertaron que esto afecta sus costos log\u00edsticos y aporta en la suba de precios en general.<\/strong> Es decir, repercutir\u00e1 fuerte en la inflaci\u00f3n de los pr\u00f3ximos meses, que ya tuvo un inicio de a\u00f1o caliente con 7,8% entre enero y febrero.<\/p>\n<p>&nbsp;<\/p>\n<p><em>Con informaci\u00f3n de DIB<\/em><\/p>\n","protected":false},"excerpt":{"rendered":"<p>Algunas estaciones de servicio locales ya mostraron algunas colas teniendo en cuenta que desde el martes el combustible costar\u00e1 entre<\/p>\n","protected":false},"author":2,"featured_media":16297,"comment_status":"closed","ping_status":"closed","sticky":false,"template":"","format":"standard","meta":{"_jetpack_memberships_contains_paid_content":false,"footnotes":""},"categories":[5,1],"tags":[],"class_list":["post-16272","post","type-post","status-publish","format-standard","has-post-thumbnail","hentry","category-informacion-general","category-portada"],"jetpack_featured_media_url":"https:\/\/i0.wp.com\/cdnoticias.com\/wp-content\/uploads\/2021\/03\/ypf-cola.jpg?fit=800%2C445&ssl=1","jetpack_sharing_enabled":true,"_links":{"self":[{"href":"https:\/\/cdnoticias.com\/index.php\/wp-json\/wp\/v2\/posts\/16272","targetHints":{"allow":["GET"]}}],"collection":[{"href":"https:\/\/cdnoticias.com\/index.php\/wp-json\/wp\/v2\/posts"}],"about":[{"href":"https:\/\/cdnoticias.com\/index.php\/wp-json\/wp\/v2\/types\/post"}],"author":[{"embeddable":true,"href":"https:\/\/cdnoticias.com\/index.php\/wp-json\/wp\/v2\/users\/2"}],"replies":[{"embeddable":true,"href":"https:\/\/cdnoticias.com\/index.php\/wp-json\/wp\/v2\/comments?post=16272"}],"version-history":[{"count":0,"href":"https:\/\/cdnoticias.com\/index.php\/wp-json\/wp\/v2\/posts\/16272\/revisions"}],"wp:featuredmedia":[{"embeddable":true,"href":"https:\/\/cdnoticias.com\/index.php\/wp-json\/wp\/v2\/media\/16297"}],"wp:attachment":[{"href":"https:\/\/cdnoticias.com\/index.php\/wp-json\/wp\/v2\/media?parent=16272"}],"wp:term":[{"taxonomy":"category","embeddable":true,"href":"https:\/\/cdnoticias.com\/index.php\/wp-json\/wp\/v2\/categories?post=16272"},{"taxonomy":"post_tag","embeddable":true,"href":"https:\/\/cdnoticias.com\/index.php\/wp-json\/wp\/v2\/tags?post=16272"}],"curies":[{"name":"wp","href":"https:\/\/api.w.org\/{rel}","templated":true}]}}