{"id":16255,"date":"2021-03-15T12:59:13","date_gmt":"2021-03-15T15:59:13","guid":{"rendered":"http:\/\/www.centraldenoticias.com.ar\/?p=16255"},"modified":"2021-03-15T14:51:25","modified_gmt":"2021-03-15T17:51:25","slug":"joaquin-angel-vallejos-q-e-p-d","status":"publish","type":"post","link":"https:\/\/cdnoticias.com\/index.php\/2021\/03\/15\/joaquin-angel-vallejos-q-e-p-d\/","title":{"rendered":"Joaqu\u00edn Angel Vallejos (Q.E.P.D.)"},"content":{"rendered":"<p>Falleci\u00f3 en Olavarr\u00eda el d\u00eda 15 de marzo de 2021 a los 85 a\u00f1os de edad. Sus hijos Ana Maria y Susana Ojeda; y Domingo \u00c1ngel Vallejos. Sus nietos Emiliano Salazar; Tamara, Irupe, Florencia y Ramiro Cervino y dem\u00e1s deudos participan su fallecimiento.<\/p>\n<p>Velatorio: Espa\u00f1a 2942 departamento &#8220;C&#8221;. La sala se habilita a las 14:30 horas. Sin responso. Inhumaci\u00f3n: Cementerio Loma de Paz, lunes 15 de marzo a las 16:30 horas. Servicio adherido a Coopelectric.<\/p>\n<p>Vecino de Barrio Villa Mailin.<\/p>\n<p>Nacido en Calchaqu\u00ed &#8211; Santa Fe.<\/p>\n<p>Jubilado.<\/p>\n","protected":false},"excerpt":{"rendered":"<p>Falleci\u00f3 en Olavarr\u00eda el d\u00eda 15 de marzo de 2021 a los 85 a\u00f1os de edad. Sus hijos Ana Maria<\/p>\n","protected":false},"author":4,"featured_media":0,"comment_status":"closed","ping_status":"closed","sticky":false,"template":"","format":"standard","meta":{"_jetpack_memberships_contains_paid_content":false,"footnotes":""},"categories":[10],"tags":[],"class_list":["post-16255","post","type-post","status-publish","format-standard","hentry","category-necrologicas"],"jetpack_featured_media_url":"","jetpack_sharing_enabled":true,"_links":{"self":[{"href":"https:\/\/cdnoticias.com\/index.php\/wp-json\/wp\/v2\/posts\/16255","targetHints":{"allow":["GET"]}}],"collection":[{"href":"https:\/\/cdnoticias.com\/index.php\/wp-json\/wp\/v2\/posts"}],"about":[{"href":"https:\/\/cdnoticias.com\/index.php\/wp-json\/wp\/v2\/types\/post"}],"author":[{"embeddable":true,"href":"https:\/\/cdnoticias.com\/index.php\/wp-json\/wp\/v2\/users\/4"}],"replies":[{"embeddable":true,"href":"https:\/\/cdnoticias.com\/index.php\/wp-json\/wp\/v2\/comments?post=16255"}],"version-history":[{"count":0,"href":"https:\/\/cdnoticias.com\/index.php\/wp-json\/wp\/v2\/posts\/16255\/revisions"}],"wp:attachment":[{"href":"https:\/\/cdnoticias.com\/index.php\/wp-json\/wp\/v2\/media?parent=16255"}],"wp:term":[{"taxonomy":"category","embeddable":true,"href":"https:\/\/cdnoticias.com\/index.php\/wp-json\/wp\/v2\/categories?post=16255"},{"taxonomy":"post_tag","embeddable":true,"href":"https:\/\/cdnoticias.com\/index.php\/wp-json\/wp\/v2\/tags?post=16255"}],"curies":[{"name":"wp","href":"https:\/\/api.w.org\/{rel}","templated":true}]}}