{"id":16231,"date":"2021-03-15T10:19:43","date_gmt":"2021-03-15T13:19:43","guid":{"rendered":"http:\/\/www.centraldenoticias.com.ar\/?p=16231"},"modified":"2021-03-15T10:19:43","modified_gmt":"2021-03-15T13:19:43","slug":"por-tercera-semana-suben-los-contagios-en-la-provincia","status":"publish","type":"post","link":"https:\/\/cdnoticias.com\/index.php\/2021\/03\/15\/por-tercera-semana-suben-los-contagios-en-la-provincia\/","title":{"rendered":"Por tercera semana suben los contagios en la Provincia"},"content":{"rendered":"<p>El jefe de Gabinete, Carlos Bianco, pidi\u00f3 seguir \u201ccumpliendo a rajatabla con los protocolos\u201d. En tanto en Olavarr\u00eda, volvieron a bajar.<!--more--><\/p>\n<hr \/>\n<p><strong>Los casos de coronavirus volvieron a subir por tercera semana consecutiva en la provincia de Buenos Aires<\/strong>, aunque levemente, por lo que desde el Gobierno bonaerense pidieron \u201cseguir cumpliendo a rajatabla los protocolos\u201d para evitar contagiarse.<\/p>\n<p>&nbsp;<\/p>\n<p>La tendencia se registra<strong> s\u00f3lo en la regi\u00f3n AMBA<\/strong> y no en la llamada \u201cregi\u00f3n interior\u201d.<\/p>\n<p>&nbsp;<\/p>\n<p>\u201cEsta semana en nuestra provincia volvimos a tener un leve aumento en el n\u00famero de casos Covid. <strong>Nos tenemos que seguir cuidando y cumpliendo a rajatabla con los protocolos<\/strong>. Mientras tanto, seguimos avanzando con nuestro plan de vacunaci\u00f3n\u201d, se\u00f1al\u00f3 <strong>Carlos Bianco, el jefe de Gabinete<\/strong> de Axel Kicillof, desde su cuenta de Twitter.<\/p>\n<blockquote class=\"twitter-tweet\">\n<p dir=\"ltr\" lang=\"es\">Esta semana en nuestra provincia volvimos a tener un leve aumento en el n\u00famero de casos Covid. Nos tenemos que seguir cuidando y cumpliendo a rajatabla con los protocolos. Mientras tanto, seguimos avanzando con nuestro plan de vacunaci\u00f3n. <a href=\"https:\/\/t.co\/4E43bR5NMh\">pic.twitter.com\/4E43bR5NMh<\/a><\/p>\n<p>\u2014 Carlos Bianco (@Carli_Bianco) <a href=\"https:\/\/twitter.com\/Carli_Bianco\/status\/1371265202512093187?ref_src=twsrc%5Etfw\">March 15, 2021<\/a><\/p><\/blockquote>\n<p><script async src=\"https:\/\/platform.twitter.com\/widgets.js\" charset=\"utf-8\"><\/script><br \/>\nEn rigor, <strong>se produjeron 2.763 promedio diario de casos por semana<\/strong> en todo el territorio, 175 contagios m\u00e1s que la semana pasada, cuando esa cifra era de 2594.<\/p>\n<p>&nbsp;<\/p>\n<p>En el AMBA se produjeron, en tanto, 2193 contagios promedio diario por semana, que se comparan con los 1948 de la semana anterior.<\/p>\n<p>&nbsp;<\/p>\n<p>Pero, pese a este leve incremento general en los contagios, <strong>en el interior los contagios decrecieron: hubo 618 casos promedio diario versus los 637 que se hab\u00edan notificado la semana pasada<\/strong>.<\/p>\n<p>&nbsp;<\/p>\n<blockquote><p>En ese marco, en Olavarr\u00eda, se registr\u00f3 una nueva baja en la semana del 7 al 13 de marzo -se detectaron 109 nuevos casos- despu\u00e9s de una leve suba en la semana anterior cuando se hab\u00edan confirmado 129 contagios. No obstante, se registraron tres fallecimientos, mientras que del 5 al 12 de marzo hab\u00edan sido dos.<\/p>\n<p>&nbsp;<\/p><\/blockquote>\n<p>Fuente: Agencia DIB<\/p>\n","protected":false},"excerpt":{"rendered":"<p>El jefe de Gabinete, Carlos Bianco, pidi\u00f3 seguir \u201ccumpliendo a rajatabla con los protocolos\u201d. En tanto en Olavarr\u00eda, volvieron a<\/p>\n","protected":false},"author":4,"featured_media":4898,"comment_status":"closed","ping_status":"closed","sticky":false,"template":"","format":"standard","meta":{"_jetpack_memberships_contains_paid_content":false,"footnotes":""},"categories":[6,1],"tags":[],"class_list":["post-16231","post","type-post","status-publish","format-standard","has-post-thumbnail","hentry","category-nacionales","category-portada"],"jetpack_featured_media_url":"https:\/\/i0.wp.com\/cdnoticias.com\/wp-content\/uploads\/2020\/10\/Hisopado-1-696x463.jpg?fit=696%2C463&ssl=1","jetpack_sharing_enabled":true,"_links":{"self":[{"href":"https:\/\/cdnoticias.com\/index.php\/wp-json\/wp\/v2\/posts\/16231","targetHints":{"allow":["GET"]}}],"collection":[{"href":"https:\/\/cdnoticias.com\/index.php\/wp-json\/wp\/v2\/posts"}],"about":[{"href":"https:\/\/cdnoticias.com\/index.php\/wp-json\/wp\/v2\/types\/post"}],"author":[{"embeddable":true,"href":"https:\/\/cdnoticias.com\/index.php\/wp-json\/wp\/v2\/users\/4"}],"replies":[{"embeddable":true,"href":"https:\/\/cdnoticias.com\/index.php\/wp-json\/wp\/v2\/comments?post=16231"}],"version-history":[{"count":0,"href":"https:\/\/cdnoticias.com\/index.php\/wp-json\/wp\/v2\/posts\/16231\/revisions"}],"wp:featuredmedia":[{"embeddable":true,"href":"https:\/\/cdnoticias.com\/index.php\/wp-json\/wp\/v2\/media\/4898"}],"wp:attachment":[{"href":"https:\/\/cdnoticias.com\/index.php\/wp-json\/wp\/v2\/media?parent=16231"}],"wp:term":[{"taxonomy":"category","embeddable":true,"href":"https:\/\/cdnoticias.com\/index.php\/wp-json\/wp\/v2\/categories?post=16231"},{"taxonomy":"post_tag","embeddable":true,"href":"https:\/\/cdnoticias.com\/index.php\/wp-json\/wp\/v2\/tags?post=16231"}],"curies":[{"name":"wp","href":"https:\/\/api.w.org\/{rel}","templated":true}]}}