{"id":16225,"date":"2021-03-15T09:17:11","date_gmt":"2021-03-15T12:17:11","guid":{"rendered":"http:\/\/www.centraldenoticias.com.ar\/?p=16225"},"modified":"2021-03-15T09:17:11","modified_gmt":"2021-03-15T12:17:11","slug":"esperan-a-monzo-en-la-septima-y-su-partido-se-muestra-en-olavarria","status":"publish","type":"post","link":"https:\/\/cdnoticias.com\/index.php\/2021\/03\/15\/esperan-a-monzo-en-la-septima-y-su-partido-se-muestra-en-olavarria\/","title":{"rendered":"Esperan a Monz\u00f3 en la S\u00e9ptima y su partido se muestra en Olavarr\u00eda"},"content":{"rendered":"<p>El ex presidente de la C\u00e1mara de Diputados llegar\u00eda a la secci\u00f3n para lanzar el Partido del Di\u00e1logo. Mientras tanto, se adelantaron definiciones locales.<!--more--><\/p>\n<hr \/>\n<p><strong>Emilio Monz\u00f3 se posicionar\u00e1 de cara a las Legislativas desde el \u201cPartido del Di\u00e1logo\u201d<\/strong>, de alcance nacional y que desde 2019 es parte de la coalici\u00f3n Juntos por el Cambio.<\/p>\n<p>&nbsp;<\/p>\n<p>En los \u00faltimos d\u00edas <strong>se conocieron detalles del armado que se proyecta para la provincia de Buenos Aires<\/strong> y se hizo hincapi\u00e9 en que ya<strong> tiene representaci\u00f3n en los 135 municipios<\/strong>, entre ellos Olavarr\u00eda, con eje en la \u201crenovaci\u00f3n dirigencial\u201d.<\/p>\n<p>&nbsp;<\/p>\n<p>En ese marco, <strong>la referencia provincial son Eduardo Schiavo<\/strong> -ser\u00e1 el presidente del partido- y <strong>el diputado nacional Sebasti\u00e1n Garc\u00eda De Luca<\/strong>.<\/p>\n<p>&nbsp;<\/p>\n<blockquote><p>En tanto, el Partido del Di\u00e1logo tendr\u00e1 a nivel local a Juan Zyla como presidente y a Emilio Moriones como vicepresidente.<\/p><\/blockquote>\n<p>&nbsp;<\/p>\n<p>A su vez, se destac\u00f3 que tanto en lo provincial como lo local, se buscar\u00e1 plantear una agenda donde <strong>cobrar\u00e1n relevancia dos secretar\u00edas: la de Juventud y la de Mujer<\/strong>.<\/p>\n<p><img data-recalc-dims=\"1\" loading=\"lazy\" decoding=\"async\" class=\"aligncenter wp-image-16228 size-full\" src=\"https:\/\/i0.wp.com\/cdnoticias.com\/wp-content\/uploads\/2021\/03\/monzo00.jpg?resize=800%2C445&#038;ssl=1\" alt=\"\" width=\"800\" height=\"445\" srcset=\"https:\/\/i0.wp.com\/cdnoticias.com\/wp-content\/uploads\/2021\/03\/monzo00.jpg?w=800&amp;ssl=1 800w, https:\/\/i0.wp.com\/cdnoticias.com\/wp-content\/uploads\/2021\/03\/monzo00.jpg?resize=300%2C167&amp;ssl=1 300w, https:\/\/i0.wp.com\/cdnoticias.com\/wp-content\/uploads\/2021\/03\/monzo00.jpg?resize=768%2C427&amp;ssl=1 768w\" sizes=\"auto, (max-width: 800px) 100vw, 800px\" \/><\/p>\n<p>Se dejaron trascender <strong>dudas sobre la continuidad en Juntos por el Cambio<\/strong>, claramente atada a la negociaci\u00f3n para la participaci\u00f3n electoral.<\/p>\n<p>&nbsp;<\/p>\n<p><strong>Se espera para las pr\u00f3ximas semanas la llegada del ex presidente de la C\u00e1mara de Diputados a la S\u00e9ptima Secci\u00f3n<\/strong> y, con ello, se lanzar\u00e1 formalmente el Partido del Di\u00e1logo y sus dirigentes en Olavarr\u00eda.<\/p>\n<p>&nbsp;<\/p>\n<p>Cabe recordar que ya hace al menos un mes que en los distritos del centro bonaerense el sector en torno de Emilio Monz\u00f3 comenz\u00f3 a moverse y a <strong>tratar de posicionar el nombre del dirigente<\/strong>. Una de las actividades realizadas es la colocaci\u00f3n de carteler\u00eda en las rutas de la zona, especialmente en 226, 3 y 51.<\/p>\n","protected":false},"excerpt":{"rendered":"<p>El ex presidente de la C\u00e1mara de Diputados llegar\u00eda a la secci\u00f3n para lanzar el Partido del Di\u00e1logo. Mientras tanto,<\/p>\n","protected":false},"author":4,"featured_media":16229,"comment_status":"closed","ping_status":"closed","sticky":false,"template":"","format":"standard","meta":{"_jetpack_memberships_contains_paid_content":false,"footnotes":""},"categories":[4,1],"tags":[],"class_list":["post-16225","post","type-post","status-publish","format-standard","has-post-thumbnail","hentry","category-politica","category-portada"],"jetpack_featured_media_url":"https:\/\/i0.wp.com\/cdnoticias.com\/wp-content\/uploads\/2021\/03\/monzo01.jpg?fit=800%2C445&ssl=1","jetpack_sharing_enabled":true,"_links":{"self":[{"href":"https:\/\/cdnoticias.com\/index.php\/wp-json\/wp\/v2\/posts\/16225","targetHints":{"allow":["GET"]}}],"collection":[{"href":"https:\/\/cdnoticias.com\/index.php\/wp-json\/wp\/v2\/posts"}],"about":[{"href":"https:\/\/cdnoticias.com\/index.php\/wp-json\/wp\/v2\/types\/post"}],"author":[{"embeddable":true,"href":"https:\/\/cdnoticias.com\/index.php\/wp-json\/wp\/v2\/users\/4"}],"replies":[{"embeddable":true,"href":"https:\/\/cdnoticias.com\/index.php\/wp-json\/wp\/v2\/comments?post=16225"}],"version-history":[{"count":0,"href":"https:\/\/cdnoticias.com\/index.php\/wp-json\/wp\/v2\/posts\/16225\/revisions"}],"wp:featuredmedia":[{"embeddable":true,"href":"https:\/\/cdnoticias.com\/index.php\/wp-json\/wp\/v2\/media\/16229"}],"wp:attachment":[{"href":"https:\/\/cdnoticias.com\/index.php\/wp-json\/wp\/v2\/media?parent=16225"}],"wp:term":[{"taxonomy":"category","embeddable":true,"href":"https:\/\/cdnoticias.com\/index.php\/wp-json\/wp\/v2\/categories?post=16225"},{"taxonomy":"post_tag","embeddable":true,"href":"https:\/\/cdnoticias.com\/index.php\/wp-json\/wp\/v2\/tags?post=16225"}],"curies":[{"name":"wp","href":"https:\/\/api.w.org\/{rel}","templated":true}]}}