{"id":16198,"date":"2021-03-14T16:42:31","date_gmt":"2021-03-14T19:42:31","guid":{"rendered":"http:\/\/www.centraldenoticias.com.ar\/?p=16198"},"modified":"2021-03-14T16:42:56","modified_gmt":"2021-03-14T19:42:56","slug":"un-hombre-de-33-anos-fue-detenido-por-desobedecer-una-restriccion-de-acercamiento","status":"publish","type":"post","link":"https:\/\/cdnoticias.com\/index.php\/2021\/03\/14\/un-hombre-de-33-anos-fue-detenido-por-desobedecer-una-restriccion-de-acercamiento\/","title":{"rendered":"Un hombre de 33 a\u00f1os fue detenido por desobedecer una restricci\u00f3n de acercamiento"},"content":{"rendered":"<p>Ten\u00eda prohibido acercarse a un familiar y fue sorprendido en las inmediaciones de su domicilio.<!--more--><\/p>\n<hr \/>\n<p>En las \u00faltimas horas personal del Comando de Patrullas llev\u00f3 adelante la captura de un hombre de 33 a\u00f1os, quien fue sorprendido en las cercan\u00edas del domicilio de un familiar, donde<strong> ten\u00eda prohibido acercarse a partir de una medida de abrigo dispuesta desde el Juzgado de Familia 1.<\/strong><\/p>\n<p>&nbsp;<\/p>\n<blockquote><p>El hombre permanece provisoriamente alojado en la sede de la comisar\u00eda Primera<\/p><\/blockquote>\n<p>&nbsp;<\/p>\n<p>De acuerdo con lo que se narr\u00f3 por v\u00edas oficiales, ocurri\u00f3 en Espa\u00f1a al 2100 y el hombre <strong>ahora afronta una causa por \u201cdesobediencia\u201d, con intervenci\u00f3n de la Secretar\u00eda especializada en Violencia Familiar y de G\u00e9nero<\/strong>, de la doctora Ver\u00f3nica Colombo y dependiente de la fiscal\u00eda local 10.<\/p>\n<p>&nbsp;<\/p>\n<p>&nbsp;<\/p>\n<p>&nbsp;<\/p>\n","protected":false},"excerpt":{"rendered":"<p>Ten\u00eda prohibido acercarse a un familiar y fue sorprendido en las inmediaciones de su domicilio.<\/p>\n","protected":false},"author":3,"featured_media":16199,"comment_status":"closed","ping_status":"closed","sticky":false,"template":"","format":"standard","meta":{"_jetpack_memberships_contains_paid_content":false,"footnotes":""},"categories":[14,1],"tags":[],"class_list":["post-16198","post","type-post","status-publish","format-standard","has-post-thumbnail","hentry","category-policiales","category-portada"],"jetpack_featured_media_url":"https:\/\/i0.wp.com\/cdnoticias.com\/wp-content\/uploads\/2021\/03\/WhatsApp-Image-2021-03-14-at-12.51.48.jpeg?fit=1280%2C719&ssl=1","jetpack_sharing_enabled":true,"_links":{"self":[{"href":"https:\/\/cdnoticias.com\/index.php\/wp-json\/wp\/v2\/posts\/16198","targetHints":{"allow":["GET"]}}],"collection":[{"href":"https:\/\/cdnoticias.com\/index.php\/wp-json\/wp\/v2\/posts"}],"about":[{"href":"https:\/\/cdnoticias.com\/index.php\/wp-json\/wp\/v2\/types\/post"}],"author":[{"embeddable":true,"href":"https:\/\/cdnoticias.com\/index.php\/wp-json\/wp\/v2\/users\/3"}],"replies":[{"embeddable":true,"href":"https:\/\/cdnoticias.com\/index.php\/wp-json\/wp\/v2\/comments?post=16198"}],"version-history":[{"count":0,"href":"https:\/\/cdnoticias.com\/index.php\/wp-json\/wp\/v2\/posts\/16198\/revisions"}],"wp:featuredmedia":[{"embeddable":true,"href":"https:\/\/cdnoticias.com\/index.php\/wp-json\/wp\/v2\/media\/16199"}],"wp:attachment":[{"href":"https:\/\/cdnoticias.com\/index.php\/wp-json\/wp\/v2\/media?parent=16198"}],"wp:term":[{"taxonomy":"category","embeddable":true,"href":"https:\/\/cdnoticias.com\/index.php\/wp-json\/wp\/v2\/categories?post=16198"},{"taxonomy":"post_tag","embeddable":true,"href":"https:\/\/cdnoticias.com\/index.php\/wp-json\/wp\/v2\/tags?post=16198"}],"curies":[{"name":"wp","href":"https:\/\/api.w.org\/{rel}","templated":true}]}}