{"id":161840,"date":"2025-02-13T19:07:32","date_gmt":"2025-02-13T22:07:32","guid":{"rendered":"https:\/\/cdnoticias.com\/?p=161840"},"modified":"2025-02-14T08:17:23","modified_gmt":"2025-02-14T11:17:23","slug":"identificaron-al-olavarriense-que-fallecio-en-las-playas-de-claromeco","status":"publish","type":"post","link":"https:\/\/cdnoticias.com\/index.php\/2025\/02\/13\/identificaron-al-olavarriense-que-fallecio-en-las-playas-de-claromeco\/","title":{"rendered":"Identificaron al olavarriense que falleci\u00f3 en las playas de Claromec\u00f3"},"content":{"rendered":"\n<p>Se inform\u00f3 que habr\u00eda tenido una descompensaci\u00f3n previa mientras sal\u00eda del mar. Ten\u00eda 65 a\u00f1os.<\/p>\n\n\n\n<hr class=\"wp-block-separator aligncenter has-alpha-channel-opacity\"\/>\n\n\n\n<p>Luego de conocerse el fallecimiento de un olavarriense en las playas de Claromec\u00f3,<strong> se conocieron algunos detalles del hecho tras un importante rescate y el esfuerzo de guardavidas y personal de salud de la ciudad balnearia.<\/strong><\/p>\n\n\n\n<figure class=\"wp-block-embed is-type-wp-embed is-provider-central-de-noticias-olavarr-a wp-block-embed-central-de-noticias-olavarr-a\"><div class=\"wp-block-embed__wrapper\">\n<blockquote class=\"wp-embedded-content\" data-secret=\"6uRhvGj6uE\"><a href=\"https:\/\/cdnoticias.com\/index.php\/2025\/02\/13\/un-olavarriense-murio-en-las-playas-de-claromeco\/\">Un olavarriense muri\u00f3 en las playas de Claromec\u00f3<\/a><\/blockquote><iframe loading=\"lazy\" class=\"wp-embedded-content\" sandbox=\"allow-scripts\" security=\"restricted\" style=\"position: absolute; visibility: hidden;\" title=\"&#8220;Un olavarriense muri\u00f3 en las playas de Claromec\u00f3&#8221; &#8212; Central de Noticias | Olavarr\u00eda\" src=\"https:\/\/cdnoticias.com\/index.php\/2025\/02\/13\/un-olavarriense-murio-en-las-playas-de-claromeco\/embed\/#?secret=t7RVoELcKj#?secret=6uRhvGj6uE\" data-secret=\"6uRhvGj6uE\" width=\"600\" height=\"338\" frameborder=\"0\" marginwidth=\"0\" marginheight=\"0\" scrolling=\"no\"><\/iframe>\n<\/div><\/figure>\n\n\n\n<p>El hombre fue identificado como<strong> Pablo Carricondo de 65 a\u00f1os, quien estaba radicado en nuestra ciudad y se encontraba como turista en Claromec\u00f3.<\/strong><\/p>\n\n\n\n<p>Seg\u00fan informaron testigos y periodistas de la localidad balnearia,<strong> el hombre sal\u00eda del mar incluso a una altura \u201cno peligrosa\u201d y habr\u00eda sufrido un paro card\u00edaco que lo descompens\u00f3, cayendo al agua.<\/strong><\/p>\n\n\n\n<p><strong>All\u00ed un nutrido grupo de guardavidas trabaj\u00f3 para rescatarlo pero a pesar de los esfuerzos y del personal del Hospital Juan Abad lamentablemente falleci\u00f3.<\/strong><\/p>\n\n\n\n<p><em>Con informaci\u00f3n gentileza En L\u00ednea Noticias | Claudio Trybuchowicz &#8211; Radio Claromec\u00f3<\/em><\/p>\n","protected":false},"excerpt":{"rendered":"<p>Se inform\u00f3 que habr\u00eda tenido una descompensaci\u00f3n previa mientras sal\u00eda del mar. Ten\u00eda 65 a\u00f1os. Luego de conocerse el fallecimiento<\/p>\n","protected":false},"author":2,"featured_media":161841,"comment_status":"closed","ping_status":"closed","sticky":false,"template":"","format":"standard","meta":{"_jetpack_memberships_contains_paid_content":false,"footnotes":""},"categories":[14,1],"tags":[],"class_list":["post-161840","post","type-post","status-publish","format-standard","has-post-thumbnail","hentry","category-policiales","category-portada"],"jetpack_featured_media_url":"https:\/\/i0.wp.com\/cdnoticias.com\/wp-content\/uploads\/2025\/02\/fallecido-olavarria-claromeco2.jpg?fit=1023%2C588&ssl=1","jetpack_sharing_enabled":true,"_links":{"self":[{"href":"https:\/\/cdnoticias.com\/index.php\/wp-json\/wp\/v2\/posts\/161840","targetHints":{"allow":["GET"]}}],"collection":[{"href":"https:\/\/cdnoticias.com\/index.php\/wp-json\/wp\/v2\/posts"}],"about":[{"href":"https:\/\/cdnoticias.com\/index.php\/wp-json\/wp\/v2\/types\/post"}],"author":[{"embeddable":true,"href":"https:\/\/cdnoticias.com\/index.php\/wp-json\/wp\/v2\/users\/2"}],"replies":[{"embeddable":true,"href":"https:\/\/cdnoticias.com\/index.php\/wp-json\/wp\/v2\/comments?post=161840"}],"version-history":[{"count":0,"href":"https:\/\/cdnoticias.com\/index.php\/wp-json\/wp\/v2\/posts\/161840\/revisions"}],"wp:featuredmedia":[{"embeddable":true,"href":"https:\/\/cdnoticias.com\/index.php\/wp-json\/wp\/v2\/media\/161841"}],"wp:attachment":[{"href":"https:\/\/cdnoticias.com\/index.php\/wp-json\/wp\/v2\/media?parent=161840"}],"wp:term":[{"taxonomy":"category","embeddable":true,"href":"https:\/\/cdnoticias.com\/index.php\/wp-json\/wp\/v2\/categories?post=161840"},{"taxonomy":"post_tag","embeddable":true,"href":"https:\/\/cdnoticias.com\/index.php\/wp-json\/wp\/v2\/tags?post=161840"}],"curies":[{"name":"wp","href":"https:\/\/api.w.org\/{rel}","templated":true}]}}