{"id":161834,"date":"2025-02-13T18:38:30","date_gmt":"2025-02-13T21:38:30","guid":{"rendered":"https:\/\/cdnoticias.com\/?p=161834"},"modified":"2025-02-13T19:08:00","modified_gmt":"2025-02-13T22:08:00","slug":"un-olavarriense-murio-en-las-playas-de-claromeco","status":"publish","type":"post","link":"https:\/\/cdnoticias.com\/index.php\/2025\/02\/13\/un-olavarriense-murio-en-las-playas-de-claromeco\/","title":{"rendered":"Un olavarriense muri\u00f3 en las playas de Claromec\u00f3"},"content":{"rendered":"\n<p>Fue este jueves, entre las playas Samoa y la zona n\u00e1utica, fuera de la zona de ba\u00f1o. Ten\u00eda 65 a\u00f1os. Se cree que tuvo una descompensaci\u00f3n previa. <\/p>\n\n\n\n<hr class=\"wp-block-separator aligncenter has-alpha-channel-opacity\"\/>\n\n\n\n<p>Este jueves, <strong>un hombre de 65 a\u00f1os oriundo de nuestra ciudad muri\u00f3 luego de ser rescatado del mar de Claromec\u00f3 mientras nadaba \u201cfuera de una zona de ba\u00f1o\u201d.<\/strong> Se cree que tuvo una descompensaci\u00f3n previa. <\/p>\n\n\n\n<p>Informado por<strong> Radio Comunidad Claromec\u00f3, el hecho sucedi\u00f3 pasadas las 16:00 horas entre la playa Samoa y la zona n\u00e1utica.<\/strong><\/p>\n\n\n\n<p>Tras la <strong>r\u00e1pida actuaci\u00f3n de guardavidas de varios puestos y con la convocatoria urgente a una ambulancia del centro de salud Juan Abad de Claromec\u00f3, lograron sacar al hombre del agua y le practicaron maniobras de RCP en la playa y posteriormente en su traslado.<\/strong><\/p>\n\n\n\n<p>A pesar de la<strong> r\u00e1pida actuaci\u00f3n, traslado y esfuerzos del personal de salud, el hombre falleci\u00f3 camino al Hospital.<\/strong><\/p>\n\n\n\n<p>El primer parte oficial indic\u00f3 que se trata de <em>\u201cpaciente rescatado por Guardavidas, asistido en zona de playa, y trasladado al Centro de Salud. Donde se realizaron maniobras de reanimaci\u00f3n sin obtener respuesta, y se declar\u00f3 el \u00f3bito. Hombre de 65 a\u00f1os, turista\u201d.<\/em><\/p>\n","protected":false},"excerpt":{"rendered":"<p>Fue este jueves, entre las playas Samoa y la zona n\u00e1utica, fuera de la zona de ba\u00f1o. Ten\u00eda 65 a\u00f1os.<\/p>\n","protected":false},"author":2,"featured_media":161835,"comment_status":"closed","ping_status":"closed","sticky":false,"template":"","format":"standard","meta":{"_jetpack_memberships_contains_paid_content":false,"footnotes":""},"categories":[14,1],"tags":[],"class_list":["post-161834","post","type-post","status-publish","format-standard","has-post-thumbnail","hentry","category-policiales","category-portada"],"jetpack_featured_media_url":"https:\/\/i0.wp.com\/cdnoticias.com\/wp-content\/uploads\/2025\/02\/fallecido-olavarria-claromeco.jpg?fit=1000%2C600&ssl=1","jetpack_sharing_enabled":true,"_links":{"self":[{"href":"https:\/\/cdnoticias.com\/index.php\/wp-json\/wp\/v2\/posts\/161834","targetHints":{"allow":["GET"]}}],"collection":[{"href":"https:\/\/cdnoticias.com\/index.php\/wp-json\/wp\/v2\/posts"}],"about":[{"href":"https:\/\/cdnoticias.com\/index.php\/wp-json\/wp\/v2\/types\/post"}],"author":[{"embeddable":true,"href":"https:\/\/cdnoticias.com\/index.php\/wp-json\/wp\/v2\/users\/2"}],"replies":[{"embeddable":true,"href":"https:\/\/cdnoticias.com\/index.php\/wp-json\/wp\/v2\/comments?post=161834"}],"version-history":[{"count":0,"href":"https:\/\/cdnoticias.com\/index.php\/wp-json\/wp\/v2\/posts\/161834\/revisions"}],"wp:featuredmedia":[{"embeddable":true,"href":"https:\/\/cdnoticias.com\/index.php\/wp-json\/wp\/v2\/media\/161835"}],"wp:attachment":[{"href":"https:\/\/cdnoticias.com\/index.php\/wp-json\/wp\/v2\/media?parent=161834"}],"wp:term":[{"taxonomy":"category","embeddable":true,"href":"https:\/\/cdnoticias.com\/index.php\/wp-json\/wp\/v2\/categories?post=161834"},{"taxonomy":"post_tag","embeddable":true,"href":"https:\/\/cdnoticias.com\/index.php\/wp-json\/wp\/v2\/tags?post=161834"}],"curies":[{"name":"wp","href":"https:\/\/api.w.org\/{rel}","templated":true}]}}