{"id":16165,"date":"2021-03-14T11:06:44","date_gmt":"2021-03-14T14:06:44","guid":{"rendered":"http:\/\/www.centraldenoticias.com.ar\/?p=16165"},"modified":"2021-03-14T11:06:44","modified_gmt":"2021-03-14T14:06:44","slug":"galli-tambien-repudio-el-ataque-al-presidente-en-chubut","status":"publish","type":"post","link":"https:\/\/cdnoticias.com\/index.php\/2021\/03\/14\/galli-tambien-repudio-el-ataque-al-presidente-en-chubut\/","title":{"rendered":"Galli tambi\u00e9n repudi\u00f3 el ataque al Presidente en Chubut"},"content":{"rendered":"<p>El jefe comunal se expres\u00f3 en la noche del s\u00e1bado. \u201cNing\u00fan reclamo justifica violencia y actitudes que ataquen nuestra democracia\u201d sostuvo.<!--more--><\/p>\n<hr \/>\n<p><strong>El intendente Ezequiel Galli se sum\u00f3 al repudio que numerosos dirigentes a lo largo del pa\u00eds expresaron contra el ataque que recibi\u00f3 el presidente Alberto Fern\u00e1ndez<\/strong> en su visita a la localidad de Lago Puelo en Chubut.<\/p>\n<p>&nbsp;<\/p>\n<p><strong>Un grupo de manifestantes atac\u00f3 con piedras la camioneta en la que se movilizaba Fern\u00e1ndez<\/strong> y su comitiva este s\u00e1bado para supervisar la situaci\u00f3n por los graves incendios que afectan la zona.<\/p>\n<p>&nbsp;<\/p>\n<p>Seg\u00fan la agencia oficial T\u00e9lam, al retirarse de un centro cultural un grupo de manifestantes en contra de los proyectos de miner\u00eda arroj\u00f3 piedras y rompi\u00f3 dos vidrios traseros del veh\u00edculo.<\/p>\n<p>&nbsp;<\/p>\n<blockquote class=\"twitter-tweet\">\n<p dir=\"ltr\" lang=\"es\">Ning\u00fan reclamo justifica violencia y actitudes que ataquen nuestra democracia. Mi total repudio a los hechos de Chubut y solidaridad con el Presidente <a href=\"https:\/\/twitter.com\/alferdez?ref_src=twsrc%5Etfw\">@alferdez<\/a> y su equipo.<\/p>\n<p>\u2014 Ezequiel Galli (@ezequielgalli) <a href=\"https:\/\/twitter.com\/ezequielgalli\/status\/1370888527362265091?ref_src=twsrc%5Etfw\">March 14, 2021<\/a><\/p><\/blockquote>\n<p><script async src=\"https:\/\/platform.twitter.com\/widgets.js\" charset=\"utf-8\"><\/script><\/p>\n<p>En comunicaci\u00f3n con el canal C5N, el ministro de Desarrollo Territorial y H\u00e1bitat, Jorge Ferraresi, que acompa\u00f1aba al presidente en esa visita, confirm\u00f3 que no hubo heridos entre la comitiva presidencial y minimiz\u00f3 lo sucedido.<\/p>\n<p>&nbsp;<\/p>\n<p>R\u00e1pidamente <strong>los hechos fueron condenados por varias figuras de todo el arco pol\u00edtico<\/strong>, incluidos el expresidente Mauricio Macri y el jefe de Gobierno de la Ciudad de Buenos Aires, Horacio Rodr\u00edguez Larreta, ambos opositores al gobierno nacional, quienes repudiaron los actos de violencia.<\/p>\n<p>&nbsp;<\/p>\n<p><strong>\u201cNing\u00fan reclamo justifica violencia y actitudes que ataquen nuestra democracia. Mi total repudio a los hechos de Chubut y solidaridad con el Presidente\u201d<\/strong> public\u00f3 Ezequiel Galli en sus redes. Mensajes similares expusieron otros dirigentes de Olavarr\u00eda, y tambi\u00e9n funcionarios, dirigentes y referentes de distintos sectores partidarios del pa\u00eds.<\/p>\n","protected":false},"excerpt":{"rendered":"<p>El jefe comunal se expres\u00f3 en la noche del s\u00e1bado. \u201cNing\u00fan reclamo justifica violencia y actitudes que ataquen nuestra democracia\u201d<\/p>\n","protected":false},"author":4,"featured_media":16166,"comment_status":"closed","ping_status":"closed","sticky":false,"template":"","format":"standard","meta":{"_jetpack_memberships_contains_paid_content":false,"footnotes":""},"categories":[4,1],"tags":[],"class_list":["post-16165","post","type-post","status-publish","format-standard","has-post-thumbnail","hentry","category-politica","category-portada"],"jetpack_featured_media_url":"https:\/\/i0.wp.com\/cdnoticias.com\/wp-content\/uploads\/2021\/03\/alberto-fernandez-telam.jpg?fit=1004%2C565&ssl=1","jetpack_sharing_enabled":true,"_links":{"self":[{"href":"https:\/\/cdnoticias.com\/index.php\/wp-json\/wp\/v2\/posts\/16165","targetHints":{"allow":["GET"]}}],"collection":[{"href":"https:\/\/cdnoticias.com\/index.php\/wp-json\/wp\/v2\/posts"}],"about":[{"href":"https:\/\/cdnoticias.com\/index.php\/wp-json\/wp\/v2\/types\/post"}],"author":[{"embeddable":true,"href":"https:\/\/cdnoticias.com\/index.php\/wp-json\/wp\/v2\/users\/4"}],"replies":[{"embeddable":true,"href":"https:\/\/cdnoticias.com\/index.php\/wp-json\/wp\/v2\/comments?post=16165"}],"version-history":[{"count":0,"href":"https:\/\/cdnoticias.com\/index.php\/wp-json\/wp\/v2\/posts\/16165\/revisions"}],"wp:featuredmedia":[{"embeddable":true,"href":"https:\/\/cdnoticias.com\/index.php\/wp-json\/wp\/v2\/media\/16166"}],"wp:attachment":[{"href":"https:\/\/cdnoticias.com\/index.php\/wp-json\/wp\/v2\/media?parent=16165"}],"wp:term":[{"taxonomy":"category","embeddable":true,"href":"https:\/\/cdnoticias.com\/index.php\/wp-json\/wp\/v2\/categories?post=16165"},{"taxonomy":"post_tag","embeddable":true,"href":"https:\/\/cdnoticias.com\/index.php\/wp-json\/wp\/v2\/tags?post=16165"}],"curies":[{"name":"wp","href":"https:\/\/api.w.org\/{rel}","templated":true}]}}