{"id":16161,"date":"2021-03-14T10:10:24","date_gmt":"2021-03-14T13:10:24","guid":{"rendered":"http:\/\/www.centraldenoticias.com.ar\/?p=16161"},"modified":"2021-03-14T10:10:24","modified_gmt":"2021-03-14T13:10:24","slug":"salando-las-heridas-todo-recital-es-politico","status":"publish","type":"post","link":"https:\/\/cdnoticias.com\/index.php\/2021\/03\/14\/salando-las-heridas-todo-recital-es-politico\/","title":{"rendered":"Salando las heridas. Todo recital es pol\u00edtico"},"content":{"rendered":"<p style=\"text-align: left;\" align=\"center\">Una revisi\u00f3n del recital de 2017 del Indio Solari como &#8220;un hecho pol\u00edtico&#8221;. La concepci\u00f3n, sus efectos y las cuentas pendientes.<\/p>\n<p align=\"center\"><!--more--><\/p>\n<hr \/>\n<p style=\"text-align: left;\" align=\"center\"><b><br \/>\n<\/b><em>Por Pablo Palazzolo<\/em> (*)<\/p>\n<p>&nbsp;<\/p>\n<p>S\u00e9 que es antip\u00e1tico, pero no hay otra forma de calificar al recital del Indio de hace cuatro a\u00f1os como <strong>el mayor da\u00f1o autoinfligido de la historia de la sociedad olavarriense<\/strong>. Y no se trata de una cr\u00edtica al m\u00fasico. Yo mismo soy un fan del fen\u00f3meno cultural, social y pol\u00edtico que significaron los Redondos y que se personifica en Solari. Pero el recital de 2017 no tuvo nada que ver con eso.<\/p>\n<p>&nbsp;<\/p>\n<p>El fallido recital del Indio Solari es, en esencia, <strong>un hecho pol\u00edtico<\/strong> que se convirti\u00f3 en un desastre social y que, hasta el momento y parad\u00f3jicamente, sali\u00f3 bien para sus principales responsables.<\/p>\n<p>&nbsp;<\/p>\n<p>Repasemos. Hac\u00eda poco m\u00e1s de un a\u00f1o que Ezequiel Galli hab\u00eda ganado las elecciones. Pasada la euforia inicial,<strong> su gobierno se debat\u00eda en las engorrosas implicancias de formar un equipo<\/strong> que no se completaba nunca para gobernar un estado municipal que ninguno de los nuevos ocupantes del Palacio conoc\u00eda. Para colmo, <strong>el fantasma del derrotado eseverrismo<\/strong> era una presencia constante y una referencia necesaria para saber c\u00f3mo hacer las cosas. En ese contexto, el nuevo gobierno empezaba a tener en claro que las floridas promesas de campa\u00f1a iban a tener que esperar, si es que alguna vez llegaban a concretarse.<\/p>\n<p>&nbsp;<\/p>\n<p>En esos d\u00edas en los que Galli sent\u00eda temblar el suelo bajo sus pies, surgi\u00f3 la idea: <em>\u00bfy si se pudiera dar un golpe de efecto que le diera tiempo y aire, y de paso pudiera enterrar definitivamente al molesto fantasma eseverrista?<\/em> No se sabe qui\u00e9n de la mesa chica municipal llev\u00f3 la idea, porque cuando el desastre fue obvio todos le sacaron la nalga a la jeringa. Pero la cosa es que la idea, inspirada en las m\u00e1s finas t\u00e9cnicas de marketing pol\u00edtico del Pro duranbarbista, fue tomando fuerza. <strong>Hab\u00eda que traer al Indio y hacer el recital que vengara la prohibici\u00f3n de 1997<\/strong>, cuando la polic\u00eda duhaldista le negara a Helios Eseverri los efectivos que aseguraran la ciudad ante la masiva concurrencia que se esperaba. Eso no deber\u00eda ser un problema, pensaron, porque ahora la polic\u00eda la manejaba la gobernadora del palo, Vidal. La autorizaci\u00f3n del evento tambi\u00e9n estaba asegurada: la evaluaci\u00f3n siniestral la manejaba la polic\u00eda a las \u00f3rdenes de Mariu. El plan era perfecto.<\/p>\n<p>&nbsp;<\/p>\n<p>Paso a paso, el recital se fue convirtiendo en <strong>la cuesti\u00f3n de estado por excelencia<\/strong> y fue tomando forma. Se contactaron a los empresarios que representaban al Indio y se puso todo en marcha. Tal vez si el intendente hubiera averiguado m\u00e1s habr\u00eda sabido que los hermanos Peuscovich eran viejos conocidos de la Municipalidad de Olavarr\u00eda, ya que en 2006 con ellos el gobierno municipal de Helios Eseverri hab\u00eda organizado el recital de la Bersuit. Pero parece que no eran tiempos de averiguar, sino de actuar.<\/p>\n<p>&nbsp;<\/p>\n<p>De ah\u00ed en m\u00e1s, todo fue <strong>una seguidilla de fallas que no ten\u00edan otro destino que el desastre<\/strong>. La peor de todas ellas fue <em>la elecci\u00f3n del predio para el evento<\/em>. Nadie previ\u00f3, o si lo hicieron no les import\u00f3, que para llegar a La Colmena los 300.000 asistentes que se esperaban deb\u00edan atravesar una ciudad de 100.000 habitantes por el medio. Nadie mir\u00f3 con detenimiento la cuesti\u00f3n de los accesos y de la desmovilizaci\u00f3n. Nadie organiz\u00f3 un verdadero <em>operativo sanitario y de seguridad<\/em>. A medida que el d\u00eda llegaba, y los funcionarios se embriagaban con la esperanza de un \u00e9xito total, se hac\u00eda cada vez m\u00e1s evidente que <em>en las jornadas del recital las y los olavarrienses quedar\u00edamos expuestos a lo que pudiera suceder<\/em>.<\/p>\n<p>&nbsp;<\/p>\n<p>El resto es historia conocida. Las im\u00e1genes de las personas pisoteadas en el pogo, de los comercios destruidos en la zona de la Terminal, de asistentes tirados en improvisados centros de salud y de personas acarreadas en camiones municipales fuera de la ciudad recorrieron el pa\u00eds y el mundo. A partir de ese momento,<em> Olavarr\u00eda pas\u00f3 a ser conocida tambi\u00e9n por la ineptitud de su dirigencia<\/em>. No estoy seguro si las cientos de historias personales de olavarrienses que escuch\u00e9 sobre el recital<strong> dan cuenta del peligro al cual nos expuso Galli<\/strong> durante las horas anteriores y posteriores al mismo.<\/p>\n<p>&nbsp;<\/p>\n<p>Del paso de la Gran Bestia Pop por Olavarr\u00eda quedan hoy varias cuestiones interesantes para el an\u00e1lisis. La m\u00e1s terrible y obvia la constituyen <strong>las tres muertes<\/strong>. Dos de ellas producidas dentro de La Colmena durante el recital, y la otra (de la cual se suele hablar poco) la de un ciudadano paraguayo que fue hallado colgado de un \u00e1rbol y que las autoridades se apresuraron a calificar como suicidio. Tambi\u00e9n hubo olavarrienses que no pudieron recuperar sus negocios destruidos en la zona de la Terminal.<\/p>\n<p>&nbsp;<\/p>\n<p>Pero lo m\u00e1s llamativo han sido <strong>los efectos pol\u00edticos del recital<\/strong>. Contrariamente a lo que la l\u00f3gica permite suponer, <em>Galli no pag\u00f3 ning\u00fan costo pol\u00edtico<\/em>. M\u00e1s all\u00e1 de deshacerse de algunos funcionarios, la sociedad local \u2013en una reacci\u00f3n propia del S\u00edndrome de Estocolmo- volvi\u00f3 a votar en 2019 al hombre que la expuso a los mayores peligros evitables de su historia. Como bien dice la canci\u00f3n de los Redondos, <em>a los ciegos no les gustan los sordos<\/em>. La oposici\u00f3n, por su parte, qued\u00f3 atrapada en sus propias contradicciones. El conservador Pro le hab\u00eda birlado un \u00edcono propio, nacional y popular. Y ello motiv\u00f3 un comportamiento err\u00e1tico, que le impidi\u00f3 separar la grandeza del \u00eddolo del estropicio de traerlo en esas condiciones a Olavarr\u00eda. Un manto de protecci\u00f3n pol\u00edtico, medi\u00e1tico y judicial termin\u00f3 por beneficiar a Galli.<\/p>\n<p>&nbsp;<\/p>\n<p>Una pregunta queda flotando: <strong>\u00bfse podr\u00eda haber tra\u00eddo al Indio y que no pasara lo que pas\u00f3?<\/strong> <em>La respuesta es s\u00ed.<\/em> Para ello deber\u00edan haberse verificado lo siguiente. Primero, que la motivaci\u00f3n no hubiera sido la <em>consolidaci\u00f3n de un gobierno<\/em>. Un recital nunca logra eso. Segundo, el <em>operativo sanitario y de seguridad<\/em> general debi\u00f3 haber sido planificado con mayor seriedad. Tercero, <em>el predio nunca debi\u00f3 haber sido La Colmena<\/em>. A quienes les gusta compararse con Tandil no fueron lo suficientemente inteligentes para advertir que all\u00ed el Indio siempre actu\u00f3 en predios fuera de la ciudad. El escenario natural en Olavarr\u00eda para un evento de tal magnitud es el Aut\u00f3dromo. No hay otro. Y si no, no se debe hacer.<\/p>\n<p>&nbsp;<\/p>\n<p>La cosa, sin embargo, no termina ac\u00e1. M\u00e1s all\u00e1 del recuerdo <strong>quedan las cuestiones legales pendientes<\/strong>. Como se sabe, Galli puso al Municipio de Olavarr\u00eda \u2013es decir, a todos nosotros de modo indirecto- como fiadores de los productores. Ello implica que los juicios por las muertes y los da\u00f1os ser\u00e1n repetidos contra la Municipalidad. En esto, Cromagnon en la ciudad de Buenos Aires act\u00faa como el m\u00e1s contundente de los antecedentes. <em>Es, en ese sentido, muy probable que las y los olavarrienses no hayamos visto a\u00fan las peores consecuencias de la aventura ricotera de Galli<\/em>.<\/p>\n<p>&nbsp;<\/p>\n<p><em>(*) Polit\u00f3logo y docente<\/em><\/p>\n","protected":false},"excerpt":{"rendered":"<p>Una revisi\u00f3n del recital de 2017 del Indio Solari como &#8220;un hecho pol\u00edtico&#8221;. La concepci\u00f3n, sus efectos y las cuentas<\/p>\n","protected":false},"author":4,"featured_media":8016,"comment_status":"closed","ping_status":"closed","sticky":false,"template":"","format":"standard","meta":{"_jetpack_memberships_contains_paid_content":false,"footnotes":""},"categories":[11,1],"tags":[],"class_list":["post-16161","post","type-post","status-publish","format-standard","has-post-thumbnail","hentry","category-mipalabra","category-portada"],"jetpack_featured_media_url":"https:\/\/i0.wp.com\/cdnoticias.com\/wp-content\/uploads\/2020\/12\/1606944511.jpeg?fit=948%2C533&ssl=1","jetpack_sharing_enabled":true,"_links":{"self":[{"href":"https:\/\/cdnoticias.com\/index.php\/wp-json\/wp\/v2\/posts\/16161","targetHints":{"allow":["GET"]}}],"collection":[{"href":"https:\/\/cdnoticias.com\/index.php\/wp-json\/wp\/v2\/posts"}],"about":[{"href":"https:\/\/cdnoticias.com\/index.php\/wp-json\/wp\/v2\/types\/post"}],"author":[{"embeddable":true,"href":"https:\/\/cdnoticias.com\/index.php\/wp-json\/wp\/v2\/users\/4"}],"replies":[{"embeddable":true,"href":"https:\/\/cdnoticias.com\/index.php\/wp-json\/wp\/v2\/comments?post=16161"}],"version-history":[{"count":0,"href":"https:\/\/cdnoticias.com\/index.php\/wp-json\/wp\/v2\/posts\/16161\/revisions"}],"wp:featuredmedia":[{"embeddable":true,"href":"https:\/\/cdnoticias.com\/index.php\/wp-json\/wp\/v2\/media\/8016"}],"wp:attachment":[{"href":"https:\/\/cdnoticias.com\/index.php\/wp-json\/wp\/v2\/media?parent=16161"}],"wp:term":[{"taxonomy":"category","embeddable":true,"href":"https:\/\/cdnoticias.com\/index.php\/wp-json\/wp\/v2\/categories?post=16161"},{"taxonomy":"post_tag","embeddable":true,"href":"https:\/\/cdnoticias.com\/index.php\/wp-json\/wp\/v2\/tags?post=16161"}],"curies":[{"name":"wp","href":"https:\/\/api.w.org\/{rel}","templated":true}]}}