{"id":16159,"date":"2021-03-14T09:50:25","date_gmt":"2021-03-14T12:50:25","guid":{"rendered":"http:\/\/www.centraldenoticias.com.ar\/?p=16159"},"modified":"2021-03-14T09:50:25","modified_gmt":"2021-03-14T12:50:25","slug":"mabel-leticia-vallejo-de-gonzalez-q-e-p-d","status":"publish","type":"post","link":"https:\/\/cdnoticias.com\/index.php\/2021\/03\/14\/mabel-leticia-vallejo-de-gonzalez-q-e-p-d\/","title":{"rendered":"Mabel Leticia Vallejo de Gonz\u00e1lez (Q.E.P.D.)"},"content":{"rendered":"<p>Falleci\u00f3 en Olavarr\u00eda el d\u00eda 13 de marzo de 2021 a los 83 a\u00f1os de edad. Su esposo H\u00e9ctor El\u00edas Gonz\u00e1lez; su hija Miriam Gonz\u00e1lez; su hijo pol\u00edtico Oscar Lamique; sus nietos: Magdalena, Melisa y Santiago; sus bisnietos: Juan Ignacio, Nicol\u00e1s y dem\u00e1s deudos participan su fallecimiento.<\/p>\n<p>Velatorio: Espa\u00f1a 2942, Departamento &#8220;B&#8221;. La sala se habilitar\u00e1 el domingo 14\/03 a las 7:30 hs. Responso: Capilla Ardiente. Inhumaci\u00f3n: Cementerio Loma de Paz, domingo 14 de marzo a las 9:30 horas. Servicio adherido a Coopelectric.<\/p>\n<p>Barrio en el que viv\u00eda: Sarmiento.<\/p>\n<p>Lugar de nacimiento: Olavarr\u00eda.<\/p>\n<p>Actividad que desarrollaba: Jubilada.<\/p>\n","protected":false},"excerpt":{"rendered":"<p>Falleci\u00f3 en Olavarr\u00eda el d\u00eda 13 de marzo de 2021 a los 83 a\u00f1os de edad. Su esposo H\u00e9ctor El\u00edas<\/p>\n","protected":false},"author":4,"featured_media":0,"comment_status":"closed","ping_status":"closed","sticky":false,"template":"","format":"standard","meta":{"_jetpack_memberships_contains_paid_content":false,"footnotes":""},"categories":[10],"tags":[],"class_list":["post-16159","post","type-post","status-publish","format-standard","hentry","category-necrologicas"],"jetpack_featured_media_url":"","jetpack_sharing_enabled":true,"_links":{"self":[{"href":"https:\/\/cdnoticias.com\/index.php\/wp-json\/wp\/v2\/posts\/16159","targetHints":{"allow":["GET"]}}],"collection":[{"href":"https:\/\/cdnoticias.com\/index.php\/wp-json\/wp\/v2\/posts"}],"about":[{"href":"https:\/\/cdnoticias.com\/index.php\/wp-json\/wp\/v2\/types\/post"}],"author":[{"embeddable":true,"href":"https:\/\/cdnoticias.com\/index.php\/wp-json\/wp\/v2\/users\/4"}],"replies":[{"embeddable":true,"href":"https:\/\/cdnoticias.com\/index.php\/wp-json\/wp\/v2\/comments?post=16159"}],"version-history":[{"count":0,"href":"https:\/\/cdnoticias.com\/index.php\/wp-json\/wp\/v2\/posts\/16159\/revisions"}],"wp:attachment":[{"href":"https:\/\/cdnoticias.com\/index.php\/wp-json\/wp\/v2\/media?parent=16159"}],"wp:term":[{"taxonomy":"category","embeddable":true,"href":"https:\/\/cdnoticias.com\/index.php\/wp-json\/wp\/v2\/categories?post=16159"},{"taxonomy":"post_tag","embeddable":true,"href":"https:\/\/cdnoticias.com\/index.php\/wp-json\/wp\/v2\/tags?post=16159"}],"curies":[{"name":"wp","href":"https:\/\/api.w.org\/{rel}","templated":true}]}}