{"id":16147,"date":"2021-03-13T21:07:16","date_gmt":"2021-03-14T00:07:16","guid":{"rendered":"http:\/\/www.centraldenoticias.com.ar\/?p=16147"},"modified":"2021-03-13T21:07:16","modified_gmt":"2021-03-14T00:07:16","slug":"puesta-en-marcha-para-el-programa-argentina-unida-por-la-educacion-y-el-trabajo","status":"publish","type":"post","link":"https:\/\/cdnoticias.com\/index.php\/2021\/03\/13\/puesta-en-marcha-para-el-programa-argentina-unida-por-la-educacion-y-el-trabajo\/","title":{"rendered":"Puesta en marcha para el Programa Argentina Unida por la Educaci\u00f3n y el Trabajo"},"content":{"rendered":"<p>Se lanz\u00f3 en la tarde de este s\u00e1bado y permiti\u00f3 que se realicen tareas de pintura en dos escuelas locales<\/p>\n<p><!--more--><\/p>\n<hr \/>\n<p>En la tarde de este s\u00e1bado organizaciones sociales, a trav\u00e9s del Ministerio de Desarrollo Social de la Naci\u00f3ny con el aporte de materiales que realiza el Consejo Escolares por medio de la DGCyE, <strong>pintaron la Escuela 502 y 53.<\/strong><\/p>\n<p>&nbsp;<\/p>\n<p><img data-recalc-dims=\"1\" loading=\"lazy\" decoding=\"async\" class=\"alignnone size-large wp-image-16148\" src=\"https:\/\/i0.wp.com\/cdnoticias.com\/wp-content\/uploads\/2021\/03\/IMG-20210313-WA0093.jpg?resize=800%2C600&#038;ssl=1\" alt=\"\" width=\"800\" height=\"600\" srcset=\"https:\/\/i0.wp.com\/cdnoticias.com\/wp-content\/uploads\/2021\/03\/IMG-20210313-WA0093.jpg?resize=1024%2C768&amp;ssl=1 1024w, https:\/\/i0.wp.com\/cdnoticias.com\/wp-content\/uploads\/2021\/03\/IMG-20210313-WA0093.jpg?resize=300%2C225&amp;ssl=1 300w, https:\/\/i0.wp.com\/cdnoticias.com\/wp-content\/uploads\/2021\/03\/IMG-20210313-WA0093.jpg?resize=768%2C576&amp;ssl=1 768w, https:\/\/i0.wp.com\/cdnoticias.com\/wp-content\/uploads\/2021\/03\/IMG-20210313-WA0093.jpg?w=1032&amp;ssl=1 1032w\" sizes=\"auto, (max-width: 800px) 100vw, 800px\" \/><\/p>\n<p>&nbsp;<\/p>\n<p>Para su realizaci\u00f3n en nuestra ciudad, <strong>la Provincia de Buenos Aires invirti\u00f3 un mill\u00f3n y medio de pesos<\/strong>.<\/p>\n<p>&nbsp;<\/p>\n<p><img data-recalc-dims=\"1\" loading=\"lazy\" decoding=\"async\" class=\"alignnone size-large wp-image-16151\" src=\"https:\/\/i0.wp.com\/cdnoticias.com\/wp-content\/uploads\/2021\/03\/IMG-20210313-WA0096.jpg?resize=800%2C600&#038;ssl=1\" alt=\"\" width=\"800\" height=\"600\" srcset=\"https:\/\/i0.wp.com\/cdnoticias.com\/wp-content\/uploads\/2021\/03\/IMG-20210313-WA0096.jpg?resize=1024%2C768&amp;ssl=1 1024w, https:\/\/i0.wp.com\/cdnoticias.com\/wp-content\/uploads\/2021\/03\/IMG-20210313-WA0096.jpg?resize=300%2C225&amp;ssl=1 300w, https:\/\/i0.wp.com\/cdnoticias.com\/wp-content\/uploads\/2021\/03\/IMG-20210313-WA0096.jpg?resize=768%2C576&amp;ssl=1 768w, https:\/\/i0.wp.com\/cdnoticias.com\/wp-content\/uploads\/2021\/03\/IMG-20210313-WA0096.jpg?w=1040&amp;ssl=1 1040w\" sizes=\"auto, (max-width: 800px) 100vw, 800px\" \/><\/p>\n<p>&nbsp;<\/p>\n<p>Si bien esta es la primer jornada <strong>se van a pintar tres escuelas m\u00e1s , EPN\u00b024, EEE N\u00b0504 y la EPN\u00b06.<\/strong><\/p>\n<p>&nbsp;<\/p>\n<p><img data-recalc-dims=\"1\" loading=\"lazy\" decoding=\"async\" class=\"alignnone size-large wp-image-16149\" src=\"https:\/\/i0.wp.com\/cdnoticias.com\/wp-content\/uploads\/2021\/03\/IMG-20210313-WA0094.jpg?resize=768%2C1024&#038;ssl=1\" alt=\"\" width=\"768\" height=\"1024\" srcset=\"https:\/\/i0.wp.com\/cdnoticias.com\/wp-content\/uploads\/2021\/03\/IMG-20210313-WA0094.jpg?resize=768%2C1024&amp;ssl=1 768w, https:\/\/i0.wp.com\/cdnoticias.com\/wp-content\/uploads\/2021\/03\/IMG-20210313-WA0094.jpg?resize=225%2C300&amp;ssl=1 225w, https:\/\/i0.wp.com\/cdnoticias.com\/wp-content\/uploads\/2021\/03\/IMG-20210313-WA0094.jpg?w=780&amp;ssl=1 780w\" sizes=\"auto, (max-width: 768px) 100vw, 768px\" \/><\/p>\n<p>&nbsp;<\/p>\n<p>En la jornada de este s\u00e1bado <strong>se pint\u00f3 la Escuela 502 con colaboraci\u00f3n de integrantes de Barrios de Pie y la Escuela 53 con la ayuda del Movimiento Evita.<\/strong><\/p>\n","protected":false},"excerpt":{"rendered":"<p>Se lanz\u00f3 en la tarde de este s\u00e1bado y permiti\u00f3 que se realicen tareas de pintura en dos escuelas locales<\/p>\n","protected":false},"author":3,"featured_media":16150,"comment_status":"closed","ping_status":"closed","sticky":false,"template":"","format":"standard","meta":{"_jetpack_memberships_contains_paid_content":false,"footnotes":""},"categories":[5,1],"tags":[],"class_list":["post-16147","post","type-post","status-publish","format-standard","has-post-thumbnail","hentry","category-informacion-general","category-portada"],"jetpack_featured_media_url":"https:\/\/i0.wp.com\/cdnoticias.com\/wp-content\/uploads\/2021\/03\/IMG-20210313-WA0095.jpg?fit=780%2C1040&ssl=1","jetpack_sharing_enabled":true,"_links":{"self":[{"href":"https:\/\/cdnoticias.com\/index.php\/wp-json\/wp\/v2\/posts\/16147","targetHints":{"allow":["GET"]}}],"collection":[{"href":"https:\/\/cdnoticias.com\/index.php\/wp-json\/wp\/v2\/posts"}],"about":[{"href":"https:\/\/cdnoticias.com\/index.php\/wp-json\/wp\/v2\/types\/post"}],"author":[{"embeddable":true,"href":"https:\/\/cdnoticias.com\/index.php\/wp-json\/wp\/v2\/users\/3"}],"replies":[{"embeddable":true,"href":"https:\/\/cdnoticias.com\/index.php\/wp-json\/wp\/v2\/comments?post=16147"}],"version-history":[{"count":0,"href":"https:\/\/cdnoticias.com\/index.php\/wp-json\/wp\/v2\/posts\/16147\/revisions"}],"wp:featuredmedia":[{"embeddable":true,"href":"https:\/\/cdnoticias.com\/index.php\/wp-json\/wp\/v2\/media\/16150"}],"wp:attachment":[{"href":"https:\/\/cdnoticias.com\/index.php\/wp-json\/wp\/v2\/media?parent=16147"}],"wp:term":[{"taxonomy":"category","embeddable":true,"href":"https:\/\/cdnoticias.com\/index.php\/wp-json\/wp\/v2\/categories?post=16147"},{"taxonomy":"post_tag","embeddable":true,"href":"https:\/\/cdnoticias.com\/index.php\/wp-json\/wp\/v2\/tags?post=16147"}],"curies":[{"name":"wp","href":"https:\/\/api.w.org\/{rel}","templated":true}]}}