{"id":16142,"date":"2021-03-13T21:45:40","date_gmt":"2021-03-14T00:45:40","guid":{"rendered":"http:\/\/www.centraldenoticias.com.ar\/?p=16142"},"modified":"2021-03-13T22:22:11","modified_gmt":"2021-03-14T01:22:11","slug":"cuarenta-y-cuatro-jovenes-volvieron-de-viaje-de-egresados-a-cancun-con-coronavirus","status":"publish","type":"post","link":"https:\/\/cdnoticias.com\/index.php\/2021\/03\/13\/cuarenta-y-cuatro-jovenes-volvieron-de-viaje-de-egresados-a-cancun-con-coronavirus\/","title":{"rendered":"Cuarenta y cuatro j\u00f3venes volvieron de viaje de egresados a Canc\u00fan con coronavirus"},"content":{"rendered":"<p style=\"padding-left: 30px;\">El Ministerio de Salud repiti\u00f3 la recomendaci\u00f3n de evitar los viajes al exterior si no son por razones esenciales, luego de que se comprobara el arribo de este grupo de estudiantes.<!--more--><\/p>\n<hr \/>\n<p><a href=\"https:\/\/cdnoticias.com\/index.php\/2021\/03\/13\/restringen-mas-los-vuelos-desde-los-paises-mas-complicados-con-el-covid-19\/\" target=\"_blank\" rel=\"noopener\">El Ministerio de Salud ratific\u00f3 su recomendaci\u00f3n de evitar los viajes fuera del pa\u00eds por motivos no esenciales<\/a>, ya que implican un riesgo importante de contagio y de transmisi\u00f3n posterior en la Argentina de las <strong>nuevas variantes del coronavirus (SARS-CoV-2), que ya circulan a nivel internacional, informaron fuentes oficiales.<\/strong><\/p>\n<p>&nbsp;<\/p>\n<p>Desde la cartera que encabeza Carla Vizzotti repitieron la recomendaci\u00f3n luego de que en el aeropuerto de Ezeiza se comprobara que <strong>44 j\u00f3venes argentinos que volv\u00edan de un viaje de egresados procedentes de Canc\u00fan, M\u00e9xico, dieron resultado positivo en el test de ant\u00edgeno contra el SARS-CoV-2.<\/strong><\/p>\n<p>&nbsp;<\/p>\n<p>Los 44 j\u00f3venes, que <strong>formaban parte de un contingente de 149 que viaj\u00f3 a Canc\u00fan, residen en el distrito porte\u00f1o y en la provincia de Buenos Aires<\/strong>, por lo que el Ministerio de Salud inform\u00f3 que &#8220;est\u00e1 articulando acciones de control con todas las jurisdicciones implicadas&#8221;.<\/p>\n<p>&nbsp;<\/p>\n<p>En concreto, a partir de la identificaci\u00f3n de los 44 viajeros que en el test de ant\u00edgeno dieron positivo de SARS-CoV-2, la cartera de Salud orden\u00f3 una serie de acciones de control, consistentes en la identificaci\u00f3n de los contratos estrechos (para lo cual se solicit\u00f3 a la Direcci\u00f3n Nacional de Migraciones el listado completo de pasajeros del vuelo); <strong>el seguimiento estricto de una cuarentena obligatoria por parte de cada uno (tarea que deber\u00e1n llevar adelante las jurisdicciones en las que viven los j\u00f3venes); y la realizaci\u00f3n de un test de PCR para cada uno de ellos.<\/strong><\/p>\n<p>&nbsp;<\/p>\n<p><em>Fuente T\u00e9lam<\/em><\/p>\n","protected":false},"excerpt":{"rendered":"<p>El Ministerio de Salud repiti\u00f3 la recomendaci\u00f3n de evitar los viajes al exterior si no son por razones esenciales, luego<\/p>\n","protected":false},"author":3,"featured_media":13823,"comment_status":"closed","ping_status":"closed","sticky":false,"template":"","format":"standard","meta":{"_jetpack_memberships_contains_paid_content":false,"footnotes":""},"categories":[6,1],"tags":[],"class_list":["post-16142","post","type-post","status-publish","format-standard","has-post-thumbnail","hentry","category-nacionales","category-portada"],"jetpack_featured_media_url":"https:\/\/i0.wp.com\/cdnoticias.com\/wp-content\/uploads\/2021\/02\/WhatsApp-Image-2021-02-15-at-14.34.26.jpeg?fit=1280%2C786&ssl=1","jetpack_sharing_enabled":true,"_links":{"self":[{"href":"https:\/\/cdnoticias.com\/index.php\/wp-json\/wp\/v2\/posts\/16142","targetHints":{"allow":["GET"]}}],"collection":[{"href":"https:\/\/cdnoticias.com\/index.php\/wp-json\/wp\/v2\/posts"}],"about":[{"href":"https:\/\/cdnoticias.com\/index.php\/wp-json\/wp\/v2\/types\/post"}],"author":[{"embeddable":true,"href":"https:\/\/cdnoticias.com\/index.php\/wp-json\/wp\/v2\/users\/3"}],"replies":[{"embeddable":true,"href":"https:\/\/cdnoticias.com\/index.php\/wp-json\/wp\/v2\/comments?post=16142"}],"version-history":[{"count":0,"href":"https:\/\/cdnoticias.com\/index.php\/wp-json\/wp\/v2\/posts\/16142\/revisions"}],"wp:featuredmedia":[{"embeddable":true,"href":"https:\/\/cdnoticias.com\/index.php\/wp-json\/wp\/v2\/media\/13823"}],"wp:attachment":[{"href":"https:\/\/cdnoticias.com\/index.php\/wp-json\/wp\/v2\/media?parent=16142"}],"wp:term":[{"taxonomy":"category","embeddable":true,"href":"https:\/\/cdnoticias.com\/index.php\/wp-json\/wp\/v2\/categories?post=16142"},{"taxonomy":"post_tag","embeddable":true,"href":"https:\/\/cdnoticias.com\/index.php\/wp-json\/wp\/v2\/tags?post=16142"}],"curies":[{"name":"wp","href":"https:\/\/api.w.org\/{rel}","templated":true}]}}