{"id":16095,"date":"2021-03-13T14:25:52","date_gmt":"2021-03-13T17:25:52","guid":{"rendered":"http:\/\/www.centraldenoticias.com.ar\/?p=16095"},"modified":"2021-03-13T16:02:31","modified_gmt":"2021-03-13T19:02:31","slug":"mas-de-400-personas-concurrieron-a-el-estado-cerca-tuyo-en-sierras-bayas","status":"publish","type":"post","link":"https:\/\/cdnoticias.com\/index.php\/2021\/03\/13\/mas-de-400-personas-concurrieron-a-el-estado-cerca-tuyo-en-sierras-bayas\/","title":{"rendered":"M\u00e1s de 400 personas concurrieron a \u201cEl Estado Cerca Tuyo en Sierras Bayas\u201d"},"content":{"rendered":"<p>El operativo reuni\u00f3 a 17 organismos nacionales y provinciales con sede local. Tambi\u00e9n se sumaron representantes del Frente de Todos que dialogaron con los vecinos.<!--more--><\/p>\n<hr \/>\n<p><strong>El operativo interministerial \u201cEstado Cerca Tuyo\u201d cont\u00f3 nuevamente con una gran cantidad de asistentes que se acercaron a la plaza central de Sierras Bayas<\/strong> a realizar diferentes consultas, tr\u00e1mites y recibir asesoramiento de organismos nacionales y provinciales este s\u00e1bado.<\/p>\n<p>&nbsp;<\/p>\n<p><strong>Maximiliano Wesner titular de ANSES<\/strong> destac\u00f3 que \u201ccada jornada que pasa es m\u00e1s gratificante,<strong> la recepci\u00f3n de los vecinos y vecinas es excelente<\/strong>. Vamos a seguir recorriendo las distintas localidades y barrios de nuestra ciudad tratando de dar respuestas a cada una de las demandas o problem\u00e1ticas de los vecinos del partido de Olavarr\u00eda\u201d.<\/p>\n<p><img data-recalc-dims=\"1\" loading=\"lazy\" decoding=\"async\" class=\"aligncenter wp-image-16099 size-large\" src=\"https:\/\/i0.wp.com\/cdnoticias.com\/wp-content\/uploads\/2021\/03\/estado-cerca-tuyo-sierras-bayas-4.jpeg?resize=800%2C502&#038;ssl=1\" alt=\"\" width=\"800\" height=\"502\" srcset=\"https:\/\/i0.wp.com\/cdnoticias.com\/wp-content\/uploads\/2021\/03\/estado-cerca-tuyo-sierras-bayas-4.jpeg?resize=1024%2C643&amp;ssl=1 1024w, https:\/\/i0.wp.com\/cdnoticias.com\/wp-content\/uploads\/2021\/03\/estado-cerca-tuyo-sierras-bayas-4.jpeg?resize=300%2C188&amp;ssl=1 300w, https:\/\/i0.wp.com\/cdnoticias.com\/wp-content\/uploads\/2021\/03\/estado-cerca-tuyo-sierras-bayas-4.jpeg?resize=768%2C482&amp;ssl=1 768w, https:\/\/i0.wp.com\/cdnoticias.com\/wp-content\/uploads\/2021\/03\/estado-cerca-tuyo-sierras-bayas-4.jpeg?w=1144&amp;ssl=1 1144w\" sizes=\"auto, (max-width: 800px) 100vw, 800px\" \/><\/p>\n<p>Por su parte <strong>Federico Aguilera<\/strong> tuvo en cuenta que \u201cen el d\u00eda de ayer (por el viernes) <a href=\"https:\/\/cdnoticias.com\/index.php\/2021\/03\/12\/el-renaper-tramitara-dni-y-pasaporte-en-sierras-bayas-este-sabado\/\" target=\"_blank\" rel=\"noopener\">100 personas recibieron el DNI<\/a> que hab\u00edan tramitado en la jornada anterior\u201d para resaltar que en Sierras Bayas \u201ctambi\u00e9n, otra gran cantidad de vecinos pudieron realizar sus tr\u00e1mites de forma gratuita y en el acto en el Registro Nacional de Las Personas\u201d.<\/p>\n<p>Adem\u00e1s <strong>tambi\u00e9n estuvieron presentes legisladores locales, provinciales y nacionales del Frente de Todos<\/strong>. Dialogaron los asistentes y atendieron diferentes consultas.<\/p>\n<p><img data-recalc-dims=\"1\" loading=\"lazy\" decoding=\"async\" class=\"aligncenter wp-image-16097 size-large\" src=\"https:\/\/i0.wp.com\/cdnoticias.com\/wp-content\/uploads\/2021\/03\/estado-cerca-tuyo-sierras-bayas-2.jpeg?resize=800%2C600&#038;ssl=1\" alt=\"\" width=\"800\" height=\"600\" srcset=\"https:\/\/i0.wp.com\/cdnoticias.com\/wp-content\/uploads\/2021\/03\/estado-cerca-tuyo-sierras-bayas-2.jpeg?resize=1024%2C768&amp;ssl=1 1024w, https:\/\/i0.wp.com\/cdnoticias.com\/wp-content\/uploads\/2021\/03\/estado-cerca-tuyo-sierras-bayas-2.jpeg?resize=300%2C225&amp;ssl=1 300w, https:\/\/i0.wp.com\/cdnoticias.com\/wp-content\/uploads\/2021\/03\/estado-cerca-tuyo-sierras-bayas-2.jpeg?resize=768%2C576&amp;ssl=1 768w, https:\/\/i0.wp.com\/cdnoticias.com\/wp-content\/uploads\/2021\/03\/estado-cerca-tuyo-sierras-bayas-2.jpeg?w=1040&amp;ssl=1 1040w\" sizes=\"auto, (max-width: 800px) 100vw, 800px\" \/><\/p>\n<p>&nbsp;<\/p>\n<blockquote><p>Seg\u00fan se inform\u00f3, m\u00e1s de 400 personas se acercaron a la plaza central de Sierras Bayas.<\/p><\/blockquote>\n<p>De la jornada participaron representantes de IOMA, ANSES, Defensor\u00eda de la Provincia de Buenos Aires, Regi\u00f3n Sanitaria IX, Centro de Acceso a la Justicia, Ministerio de Desarrollo Social, Secretar\u00eda de Derechos Humanos, Ministerio de Trabajo, Direcci\u00f3n General de Cultura y de Educaci\u00f3n, Sedronar, Ministerio de las Mujeres, INTA, Registro Civil, Pol\u00edticas de G\u00e9nero y Diversidad Sexual, CNRT, Plan FINES y Registro Nacional de las Personas brindando asesoramiento totalmente gratuito.<\/p>\n<p><img data-recalc-dims=\"1\" loading=\"lazy\" decoding=\"async\" class=\"aligncenter wp-image-16096 size-large\" src=\"https:\/\/i0.wp.com\/cdnoticias.com\/wp-content\/uploads\/2021\/03\/estado-cerca-tuyo-sierras-bayas-1.jpeg?resize=800%2C530&#038;ssl=1\" alt=\"\" width=\"800\" height=\"530\" srcset=\"https:\/\/i0.wp.com\/cdnoticias.com\/wp-content\/uploads\/2021\/03\/estado-cerca-tuyo-sierras-bayas-1.jpeg?resize=1024%2C678&amp;ssl=1 1024w, https:\/\/i0.wp.com\/cdnoticias.com\/wp-content\/uploads\/2021\/03\/estado-cerca-tuyo-sierras-bayas-1.jpeg?resize=300%2C199&amp;ssl=1 300w, https:\/\/i0.wp.com\/cdnoticias.com\/wp-content\/uploads\/2021\/03\/estado-cerca-tuyo-sierras-bayas-1.jpeg?resize=768%2C509&amp;ssl=1 768w, https:\/\/i0.wp.com\/cdnoticias.com\/wp-content\/uploads\/2021\/03\/estado-cerca-tuyo-sierras-bayas-1.jpeg?w=1232&amp;ssl=1 1232w\" sizes=\"auto, (max-width: 800px) 100vw, 800px\" \/><\/p>\n<p><strong>\u201cEl Estado Cerca Tuyo\u201d tiene como objetivo acercar las pol\u00edticas p\u00fablicas del Estado nacional y provincial<\/strong> a distintos barrios y localidades de la ciudad con operativos interministeriales para atender consultas de vecinos y vecinas.<\/p>\n<p>&nbsp;<\/p>\n<p><img data-recalc-dims=\"1\" loading=\"lazy\" decoding=\"async\" class=\"aligncenter wp-image-16098 size-large\" src=\"https:\/\/i0.wp.com\/cdnoticias.com\/wp-content\/uploads\/2021\/03\/estado-cerca-tuyo-sierras-bayas-3.jpeg?resize=800%2C598&#038;ssl=1\" alt=\"\" width=\"800\" height=\"598\" srcset=\"https:\/\/i0.wp.com\/cdnoticias.com\/wp-content\/uploads\/2021\/03\/estado-cerca-tuyo-sierras-bayas-3.jpeg?resize=1024%2C766&amp;ssl=1 1024w, https:\/\/i0.wp.com\/cdnoticias.com\/wp-content\/uploads\/2021\/03\/estado-cerca-tuyo-sierras-bayas-3.jpeg?resize=300%2C225&amp;ssl=1 300w, https:\/\/i0.wp.com\/cdnoticias.com\/wp-content\/uploads\/2021\/03\/estado-cerca-tuyo-sierras-bayas-3.jpeg?resize=768%2C575&amp;ssl=1 768w, https:\/\/i0.wp.com\/cdnoticias.com\/wp-content\/uploads\/2021\/03\/estado-cerca-tuyo-sierras-bayas-3.jpeg?w=1280&amp;ssl=1 1280w\" sizes=\"auto, (max-width: 800px) 100vw, 800px\" \/><\/p>\n","protected":false},"excerpt":{"rendered":"<p>El operativo reuni\u00f3 a 17 organismos nacionales y provinciales con sede local. Tambi\u00e9n se sumaron representantes del Frente de Todos<\/p>\n","protected":false},"author":4,"featured_media":16100,"comment_status":"closed","ping_status":"closed","sticky":false,"template":"","format":"standard","meta":{"_jetpack_memberships_contains_paid_content":false,"footnotes":""},"categories":[5,1],"tags":[],"class_list":["post-16095","post","type-post","status-publish","format-standard","has-post-thumbnail","hentry","category-informacion-general","category-portada"],"jetpack_featured_media_url":"https:\/\/i0.wp.com\/cdnoticias.com\/wp-content\/uploads\/2021\/03\/estado-cerca-tuyo-sierras-bayas-5.jpeg?fit=1232%2C816&ssl=1","jetpack_sharing_enabled":true,"_links":{"self":[{"href":"https:\/\/cdnoticias.com\/index.php\/wp-json\/wp\/v2\/posts\/16095","targetHints":{"allow":["GET"]}}],"collection":[{"href":"https:\/\/cdnoticias.com\/index.php\/wp-json\/wp\/v2\/posts"}],"about":[{"href":"https:\/\/cdnoticias.com\/index.php\/wp-json\/wp\/v2\/types\/post"}],"author":[{"embeddable":true,"href":"https:\/\/cdnoticias.com\/index.php\/wp-json\/wp\/v2\/users\/4"}],"replies":[{"embeddable":true,"href":"https:\/\/cdnoticias.com\/index.php\/wp-json\/wp\/v2\/comments?post=16095"}],"version-history":[{"count":0,"href":"https:\/\/cdnoticias.com\/index.php\/wp-json\/wp\/v2\/posts\/16095\/revisions"}],"wp:featuredmedia":[{"embeddable":true,"href":"https:\/\/cdnoticias.com\/index.php\/wp-json\/wp\/v2\/media\/16100"}],"wp:attachment":[{"href":"https:\/\/cdnoticias.com\/index.php\/wp-json\/wp\/v2\/media?parent=16095"}],"wp:term":[{"taxonomy":"category","embeddable":true,"href":"https:\/\/cdnoticias.com\/index.php\/wp-json\/wp\/v2\/categories?post=16095"},{"taxonomy":"post_tag","embeddable":true,"href":"https:\/\/cdnoticias.com\/index.php\/wp-json\/wp\/v2\/tags?post=16095"}],"curies":[{"name":"wp","href":"https:\/\/api.w.org\/{rel}","templated":true}]}}