{"id":16078,"date":"2021-03-13T09:54:00","date_gmt":"2021-03-13T12:54:00","guid":{"rendered":"http:\/\/www.centraldenoticias.com.ar\/?p=16078"},"modified":"2021-03-13T11:38:58","modified_gmt":"2021-03-13T14:38:58","slug":"se-formalizo-el-pedido-de-apertura-de-la-comision-de-agua-en-el-concejo","status":"publish","type":"post","link":"https:\/\/cdnoticias.com\/index.php\/2021\/03\/13\/se-formalizo-el-pedido-de-apertura-de-la-comision-de-agua-en-el-concejo\/","title":{"rendered":"Se formaliz\u00f3 el pedido de apertura de la Comisi\u00f3n de Agua en el Concejo"},"content":{"rendered":"<p>La concejal Celeste Arouxet present\u00f3 la nota con la solicitud dirigida al presidente Cenizo. Se\u00f1al\u00f3 como objetivo analizar la \u201cinstrumentaci\u00f3n\u201d del aumento tarifario de obras sanitarias.<!--more--><\/p>\n<hr \/>\n<p>Lo hab\u00eda anunciado en la sesi\u00f3n del jueves, aunque se formaliz\u00f3 este viernes por la ma\u00f1ana: <strong>la concejal Celeste Arouxet (Radicales en Juntos por el Cambio) present\u00f3 la nota con la solicitud dirigida al presidente Bruno Cenizo para la reapertura de la Comisi\u00f3n del Agua<\/strong> que funcion\u00f3 el a\u00f1o pasado.<\/p>\n<p>&nbsp;<\/p>\n<p>Se\u00f1al\u00f3 como objetivo <strong>analizar la \u201cinstrumentaci\u00f3n\u201d del aumento tarifario de obras sanitarias<\/strong>, tema que fue central en la sesi\u00f3n donde por mayor\u00eda se aprob\u00f3 una resoluci\u00f3n para cuestionar que permanecen en las facturas los cargos y contribuciones que impuso la concesionaria.<\/p>\n<p>&nbsp;<\/p>\n<blockquote><p>La nota que present\u00f3 este viernes Arouxet solicit\u00f3 \u201cla pr\u00f3rroga del decreto de apertura de la Comisi\u00f3n del Agua por un plazo de 120 d\u00edas\u201d. Expres\u00f3 que tiene \u201cla finalidad de que se remita la documentaci\u00f3n de balances y an\u00e1lisis de instrumentaci\u00f3n de la ordenanza aprobada por este cuerpo el pasado diciembre de 2020\u201d.<\/p><\/blockquote>\n<p>&nbsp;<\/p>\n<p>Con ello la concejal busca <strong>que se extienda la actuaci\u00f3n de la comisi\u00f3n especial creada a principios de 2020 y que actu\u00f3 hasta mediados de marzo<\/strong> cuando se expidi\u00f3 con un doble rechazo a la solicitud de aumento tarifario que hab\u00eda presentado Coopelectric. Es que, audiencia p\u00fablica mediante, hubo un despacho por el oficialismo y otro por la oposici\u00f3n.<\/p>\n<p>&nbsp;<\/p>\n<p><strong>Celeste Arouxet, quien en aquel momento era parte del bloque Juntos por el Cambio, fue elegida presidenta.<\/strong> La comisi\u00f3n volvi\u00f3 a reunirse por agosto de 2020 donde hubo un <strong>segundo pronunciamiento en rechazo al aumento<\/strong> que lleg\u00f3 a una votaci\u00f3n en sesi\u00f3n. Para esa instancia, la concejal ya hab\u00eda formado su unibloque y Guillermo Lascano, quien se hab\u00eda dedicado centralmente al an\u00e1lisis del tema, hab\u00eda sido expulsado de la banca que ocupaba como suplente.<\/p>\n<p>&nbsp;<\/p>\n<p><strong>Una nueva solicitud de la cooperativa deriv\u00f3 en la aprobaci\u00f3n de la ordenanza 4604\/20<\/strong> que permiti\u00f3 el <a href=\"https:\/\/cdnoticias.com\/index.php\/2020\/12\/10\/con-los-votos-de-aramburu-y-almada-el-oficialismo-destrabo-la-suba-del-agua\/\" target=\"_blank\" rel=\"noopener\">aumento de 97% en las tarifas de agua y cloacas<\/a> a partir de enero de este a\u00f1o, con la obligaci\u00f3n de retirar las contribuciones incluidas en las facturas.<\/p>\n<p><img data-recalc-dims=\"1\" loading=\"lazy\" decoding=\"async\" class=\"aligncenter wp-image-15921 size-full\" src=\"https:\/\/i0.wp.com\/cdnoticias.com\/wp-content\/uploads\/2021\/03\/HCDsesion04.jpg?resize=800%2C445&#038;ssl=1\" alt=\"\" width=\"800\" height=\"445\" srcset=\"https:\/\/i0.wp.com\/cdnoticias.com\/wp-content\/uploads\/2021\/03\/HCDsesion04.jpg?w=800&amp;ssl=1 800w, https:\/\/i0.wp.com\/cdnoticias.com\/wp-content\/uploads\/2021\/03\/HCDsesion04.jpg?resize=300%2C167&amp;ssl=1 300w, https:\/\/i0.wp.com\/cdnoticias.com\/wp-content\/uploads\/2021\/03\/HCDsesion04.jpg?resize=768%2C427&amp;ssl=1 768w\" sizes=\"auto, (max-width: 800px) 100vw, 800px\" \/><\/p>\n<p>&nbsp;<\/p>\n<p>En la sesi\u00f3n del jueves se trat\u00f3 el <a href=\"https:\/\/cdnoticias.com\/index.php\/2021\/03\/11\/factura-de-agua-se-aprobo-la-solicitud-a-coopelectric-para-quitar-las-contribuciones\/\" target=\"_blank\" rel=\"noopener\">incumplimiento por parte de la cooperativa<\/a> de este segundo aspecto de la ordenanza a trav\u00e9s de una propuesta del interbloque Frente de Todos que termin\u00f3 aprobada por mayor\u00eda. <strong>En ese debate, Arouxet anunci\u00f3 su pedido de reapertura de la comisi\u00f3n mediante la extensi\u00f3n del decreto que la cre\u00f3 hace ya m\u00e1s de un a\u00f1o<\/strong>. Tambi\u00e9n expres\u00f3 la misma solicitud durante el debate de un proyecto vinculado al <a href=\"https:\/\/cdnoticias.com\/index.php\/2021\/03\/11\/cruces-en-juntos-por-el-cambio-pase-de-factura-y-la-interna-radical\/\" target=\"_blank\" rel=\"noopener\">Fondo de Obras de Infraestructura<\/a>.<\/p>\n<p>&nbsp;<\/p>\n<blockquote><p>En esa sesi\u00f3n, la concejal le pidi\u00f3 al presidente Cenizo que \u201cle responda el lunes\u201d.<\/p><\/blockquote>\n<p>&nbsp;<\/p>\n<p><strong>Segunda nota<\/strong><\/p>\n<p>&nbsp;<\/p>\n<p>La presentaci\u00f3n de Arouxet fue adem\u00e1s, <strong>la segunda nota que recibi\u00f3 el viernes el presidente Cenizo vinculada con el servicio de obras sanitarias<\/strong>.<\/p>\n<p>&nbsp;<\/p>\n<p>Es que desde el Frente de Todos se <a href=\"https:\/\/cdnoticias.com\/index.php\/2021\/03\/12\/tarifa-del-agua-el-frente-de-todos-busca-que-la-resolucion-llegue-a-coopelectric\/\" target=\"_blank\" rel=\"noopener\">hab\u00eda pedido comunicar al Ejecutivo, a Coopelectric y a la Autoridad del Agua<\/a> la resoluci\u00f3n aprobada en la \u00faltima sesi\u00f3n.<\/p>\n","protected":false},"excerpt":{"rendered":"<p>La concejal Celeste Arouxet present\u00f3 la nota con la solicitud dirigida al presidente Cenizo. Se\u00f1al\u00f3 como objetivo analizar la \u201cinstrumentaci\u00f3n\u201d<\/p>\n","protected":false},"author":4,"featured_media":15930,"comment_status":"closed","ping_status":"closed","sticky":false,"template":"","format":"standard","meta":{"_jetpack_memberships_contains_paid_content":false,"footnotes":""},"categories":[4,1],"tags":[],"class_list":["post-16078","post","type-post","status-publish","format-standard","has-post-thumbnail","hentry","category-politica","category-portada"],"jetpack_featured_media_url":"https:\/\/i0.wp.com\/cdnoticias.com\/wp-content\/uploads\/2021\/03\/HCDsesion06.jpg?fit=800%2C445&ssl=1","jetpack_sharing_enabled":true,"_links":{"self":[{"href":"https:\/\/cdnoticias.com\/index.php\/wp-json\/wp\/v2\/posts\/16078","targetHints":{"allow":["GET"]}}],"collection":[{"href":"https:\/\/cdnoticias.com\/index.php\/wp-json\/wp\/v2\/posts"}],"about":[{"href":"https:\/\/cdnoticias.com\/index.php\/wp-json\/wp\/v2\/types\/post"}],"author":[{"embeddable":true,"href":"https:\/\/cdnoticias.com\/index.php\/wp-json\/wp\/v2\/users\/4"}],"replies":[{"embeddable":true,"href":"https:\/\/cdnoticias.com\/index.php\/wp-json\/wp\/v2\/comments?post=16078"}],"version-history":[{"count":0,"href":"https:\/\/cdnoticias.com\/index.php\/wp-json\/wp\/v2\/posts\/16078\/revisions"}],"wp:featuredmedia":[{"embeddable":true,"href":"https:\/\/cdnoticias.com\/index.php\/wp-json\/wp\/v2\/media\/15930"}],"wp:attachment":[{"href":"https:\/\/cdnoticias.com\/index.php\/wp-json\/wp\/v2\/media?parent=16078"}],"wp:term":[{"taxonomy":"category","embeddable":true,"href":"https:\/\/cdnoticias.com\/index.php\/wp-json\/wp\/v2\/categories?post=16078"},{"taxonomy":"post_tag","embeddable":true,"href":"https:\/\/cdnoticias.com\/index.php\/wp-json\/wp\/v2\/tags?post=16078"}],"curies":[{"name":"wp","href":"https:\/\/api.w.org\/{rel}","templated":true}]}}