{"id":1607,"date":"2020-09-15T16:47:24","date_gmt":"2020-09-15T19:47:24","guid":{"rendered":"http:\/\/www.centraldenoticias.com.ar\/?p=1607"},"modified":"2020-09-15T16:47:41","modified_gmt":"2020-09-15T19:47:41","slug":"trasladan-al-28-de-septiembre-el-feriado-por-el-dia-del-empleado-de-comercio","status":"publish","type":"post","link":"https:\/\/cdnoticias.com\/index.php\/2020\/09\/15\/trasladan-al-28-de-septiembre-el-feriado-por-el-dia-del-empleado-de-comercio\/","title":{"rendered":"Trasladan al 28 de septiembre el feriado por el D\u00eda del Empleado de Comercio"},"content":{"rendered":"<p>As\u00ed fue comunicado desde el CECO en la jornada de este martes. Por Ley se conmemora cada 26 de septiembre, pero se resolvi\u00f3 el traslado de la jornada no laborable para el lunes 28 del corriente mes.<\/p>\n<hr \/>\n<p>Desde el Centro Empleados de Comercio de Olavarr\u00eda se inform\u00f3 que el feriado con el que se conmemora el <strong>D\u00eda del Empleado de Comercio se trasladar\u00e1 al lunes 28 de septiembre, por lo que en esa jornada los trabajadores mercantiles de todo el pa\u00eds tendr\u00e1n su jornada de descanso.<\/strong><\/p>\n<p>&nbsp;<\/p>\n<p>Seg\u00fan se explic\u00f3, la decisi\u00f3n es producto de un acuerdo entre la Federaci\u00f3n Argentina de Empleados de Comercio y las C\u00e1maras empresariales, y <strong>se da a conocer semanas antes del 26 de septiembre cuando realmente se celebra el D\u00eda del Empleado de Comercio establecido por ley 26.541 desde el a\u00f1o 2009.<\/strong><\/p>\n<p>&nbsp;<\/p>\n<p>En argentina el D\u00eda del Empleado de Comercio se celebra en conmemoraci\u00f3n a la Ley 11.729, norma que fuera sancionada en la misma fecha pero del a\u00f1o 1933 y modific\u00f3 art\u00edculos claves del C\u00f3digo de Comercio <strong>estableciendo las indemnizaciones por despido, las vacaciones anuales pagas, el aguinaldo y m\u00e1s derechos que marcaron un antes y un despu\u00e9s para los trabajadores del rubro.<\/strong><\/p>\n<p>&nbsp;<\/p>\n<p><img data-recalc-dims=\"1\" loading=\"lazy\" decoding=\"async\" class=\"alignnone size-full wp-image-1608\" src=\"https:\/\/i0.wp.com\/cdnoticias.com\/wp-content\/uploads\/2020\/09\/CECO2.jpg?resize=799%2C449&#038;ssl=1\" alt=\"\" width=\"799\" height=\"449\" srcset=\"https:\/\/i0.wp.com\/cdnoticias.com\/wp-content\/uploads\/2020\/09\/CECO2.jpg?w=799&amp;ssl=1 799w, https:\/\/i0.wp.com\/cdnoticias.com\/wp-content\/uploads\/2020\/09\/CECO2.jpg?resize=300%2C169&amp;ssl=1 300w, https:\/\/i0.wp.com\/cdnoticias.com\/wp-content\/uploads\/2020\/09\/CECO2.jpg?resize=768%2C432&amp;ssl=1 768w\" sizes=\"auto, (max-width: 799px) 100vw, 799px\" \/><\/p>\n<p>&nbsp;<\/p>\n<p>Este feriado nacional incorporado al Convenio Colectivo de Trabajo 130\/75 en su art\u00edculo 76, se rige seg\u00fan las normas establecidas por la Ley de Contrato de Trabajo para el descanso dominical.<strong> Esto implica que en caso de prestar servicio las y los trabajadores deber\u00e1n percibir las horas extras al 100%, es decir, ese d\u00eda se abona doble.<\/strong><\/p>\n<p>&nbsp;<\/p>\n<p><strong>En este a\u00f1o marcado por la pandemia del COVID-19 se tom\u00f3 real dimensi\u00f3n del trabajo de los empleados y empleadas de comercio reconociendo su condici\u00f3n de \u201cesenciales\u201d para la sociedad<\/strong>, manteniendo sus actividades aun en las etapas m\u00e1s cerradas del sistema de fases del Aislamiento Social Preventivo y Obligatorio determinado por el gobierno nacional.<\/p>\n<p>&nbsp;<\/p>\n<p><strong>Para consultas el CECO pone a disposici\u00f3n los n\u00fameros telef\u00f3nicos de la Secretaria de Asuntos Gremiales<\/strong> 44-5003 internos 422423\/24\/25 con los cuales se podr\u00e1 comunicar de lunes a viernes en el horario de 8 a 16 horas.<\/p>\n","protected":false},"excerpt":{"rendered":"<p>As\u00ed fue comunicado desde el CECO en la jornada de este martes. Por Ley se conmemora cada 26 de septiembre,<\/p>\n","protected":false},"author":3,"featured_media":965,"comment_status":"closed","ping_status":"closed","sticky":false,"template":"","format":"standard","meta":{"_jetpack_memberships_contains_paid_content":false,"footnotes":""},"categories":[5,1],"tags":[],"class_list":["post-1607","post","type-post","status-publish","format-standard","has-post-thumbnail","hentry","category-informacion-general","category-portada"],"jetpack_featured_media_url":"https:\/\/i0.wp.com\/cdnoticias.com\/wp-content\/uploads\/2020\/09\/comercios5.jpg?fit=3528%2C2124&ssl=1","jetpack_sharing_enabled":true,"_links":{"self":[{"href":"https:\/\/cdnoticias.com\/index.php\/wp-json\/wp\/v2\/posts\/1607","targetHints":{"allow":["GET"]}}],"collection":[{"href":"https:\/\/cdnoticias.com\/index.php\/wp-json\/wp\/v2\/posts"}],"about":[{"href":"https:\/\/cdnoticias.com\/index.php\/wp-json\/wp\/v2\/types\/post"}],"author":[{"embeddable":true,"href":"https:\/\/cdnoticias.com\/index.php\/wp-json\/wp\/v2\/users\/3"}],"replies":[{"embeddable":true,"href":"https:\/\/cdnoticias.com\/index.php\/wp-json\/wp\/v2\/comments?post=1607"}],"version-history":[{"count":0,"href":"https:\/\/cdnoticias.com\/index.php\/wp-json\/wp\/v2\/posts\/1607\/revisions"}],"wp:featuredmedia":[{"embeddable":true,"href":"https:\/\/cdnoticias.com\/index.php\/wp-json\/wp\/v2\/media\/965"}],"wp:attachment":[{"href":"https:\/\/cdnoticias.com\/index.php\/wp-json\/wp\/v2\/media?parent=1607"}],"wp:term":[{"taxonomy":"category","embeddable":true,"href":"https:\/\/cdnoticias.com\/index.php\/wp-json\/wp\/v2\/categories?post=1607"},{"taxonomy":"post_tag","embeddable":true,"href":"https:\/\/cdnoticias.com\/index.php\/wp-json\/wp\/v2\/tags?post=1607"}],"curies":[{"name":"wp","href":"https:\/\/api.w.org\/{rel}","templated":true}]}}