{"id":16068,"date":"2021-03-12T20:28:16","date_gmt":"2021-03-12T23:28:16","guid":{"rendered":"http:\/\/www.centraldenoticias.com.ar\/?p=16068"},"modified":"2021-03-12T20:28:16","modified_gmt":"2021-03-12T23:28:16","slug":"como-estara-el-tiempo-durante-el-fin-de-semana-2","status":"publish","type":"post","link":"https:\/\/cdnoticias.com\/index.php\/2021\/03\/12\/como-estara-el-tiempo-durante-el-fin-de-semana-2\/","title":{"rendered":"C\u00f3mo estar\u00e1 el tiempo durante el fin de semana"},"content":{"rendered":"<p>Seguir\u00e1 agradable pero el viento tendr\u00e1 tambi\u00e9n un rol protag\u00f3nico. El pron\u00f3stico del Servicio Meteorol\u00f3gico Nacional.<!--more--><\/p>\n<hr \/>\n<p>El calor se ha vuelto a sentir en Olavarr\u00eda en los \u00faltimos d\u00edas. M\u00e1s all\u00e1 de algunas lluvias espor\u00e1dicas, el sol y el calor han sido los principales protagonistas en materia clim\u00e1tica en los \u00faltimos d\u00edas. <strong>\u00bfSeguir\u00e1 as\u00ed? Las respuestas en el pron\u00f3stico del Servicio Meteorol\u00f3gico Nacional.<\/strong><\/p>\n<p>&nbsp;<\/p>\n<p><strong>Para lo que resta de este viernes seguir\u00e1 agradable, al punto que la temperatura permanecer\u00e1 por encima de los 20 grados y el viento soplar\u00e1 de manera apenas perceptible<\/strong>. Si bien las velocidades del viento incrementar\u00e1n algo con la madrugada del s\u00e1bado, no ser\u00e1 en valores preocupantes, pero lo necesario para que la temperatura baje hasta los 12 grados.<\/p>\n<p>&nbsp;<\/p>\n<p><img data-recalc-dims=\"1\" loading=\"lazy\" decoding=\"async\" class=\"alignnone size-large wp-image-16069\" src=\"https:\/\/i0.wp.com\/cdnoticias.com\/wp-content\/uploads\/2021\/03\/pronos-1.jpg?resize=800%2C278&#038;ssl=1\" alt=\"\" width=\"800\" height=\"278\" srcset=\"https:\/\/i0.wp.com\/cdnoticias.com\/wp-content\/uploads\/2021\/03\/pronos-1.jpg?resize=1024%2C356&amp;ssl=1 1024w, https:\/\/i0.wp.com\/cdnoticias.com\/wp-content\/uploads\/2021\/03\/pronos-1.jpg?resize=300%2C104&amp;ssl=1 300w, https:\/\/i0.wp.com\/cdnoticias.com\/wp-content\/uploads\/2021\/03\/pronos-1.jpg?resize=768%2C267&amp;ssl=1 768w, https:\/\/i0.wp.com\/cdnoticias.com\/wp-content\/uploads\/2021\/03\/pronos-1.jpg?w=1293&amp;ssl=1 1293w\" sizes=\"auto, (max-width: 800px) 100vw, 800px\" \/><\/p>\n<p>&nbsp;<\/p>\n<p>Sin embargo todo cambiar\u00e1 con la salida del sol, al punto que<strong> se espera una m\u00e1xima en los 29 grados, que bajar\u00e1 nuevamente a los 21 con la llegada de la noche.<\/strong><\/p>\n<p>&nbsp;<\/p>\n<p>El domingo la temperatura ascender\u00e1 a\u00fan y se situar\u00e1 por encima de los 30 grados. Sin embargo <strong>para la noche se espera tambi\u00e9n un aumento en los vientos, con r\u00e1fagas que estar\u00e1n en la orden de los 50 km\/h.<\/strong><\/p>\n","protected":false},"excerpt":{"rendered":"<p>Seguir\u00e1 agradable pero el viento tendr\u00e1 tambi\u00e9n un rol protag\u00f3nico. El pron\u00f3stico del Servicio Meteorol\u00f3gico Nacional.<\/p>\n","protected":false},"author":3,"featured_media":16070,"comment_status":"closed","ping_status":"closed","sticky":false,"template":"","format":"standard","meta":{"_jetpack_memberships_contains_paid_content":false,"footnotes":""},"categories":[5,1],"tags":[],"class_list":["post-16068","post","type-post","status-publish","format-standard","has-post-thumbnail","hentry","category-informacion-general","category-portada"],"jetpack_featured_media_url":"https:\/\/i0.wp.com\/cdnoticias.com\/wp-content\/uploads\/2021\/03\/TOP_C13_CEN_ALTA_20210312_231017Z.jpg?fit=818%2C632&ssl=1","jetpack_sharing_enabled":true,"_links":{"self":[{"href":"https:\/\/cdnoticias.com\/index.php\/wp-json\/wp\/v2\/posts\/16068","targetHints":{"allow":["GET"]}}],"collection":[{"href":"https:\/\/cdnoticias.com\/index.php\/wp-json\/wp\/v2\/posts"}],"about":[{"href":"https:\/\/cdnoticias.com\/index.php\/wp-json\/wp\/v2\/types\/post"}],"author":[{"embeddable":true,"href":"https:\/\/cdnoticias.com\/index.php\/wp-json\/wp\/v2\/users\/3"}],"replies":[{"embeddable":true,"href":"https:\/\/cdnoticias.com\/index.php\/wp-json\/wp\/v2\/comments?post=16068"}],"version-history":[{"count":0,"href":"https:\/\/cdnoticias.com\/index.php\/wp-json\/wp\/v2\/posts\/16068\/revisions"}],"wp:featuredmedia":[{"embeddable":true,"href":"https:\/\/cdnoticias.com\/index.php\/wp-json\/wp\/v2\/media\/16070"}],"wp:attachment":[{"href":"https:\/\/cdnoticias.com\/index.php\/wp-json\/wp\/v2\/media?parent=16068"}],"wp:term":[{"taxonomy":"category","embeddable":true,"href":"https:\/\/cdnoticias.com\/index.php\/wp-json\/wp\/v2\/categories?post=16068"},{"taxonomy":"post_tag","embeddable":true,"href":"https:\/\/cdnoticias.com\/index.php\/wp-json\/wp\/v2\/tags?post=16068"}],"curies":[{"name":"wp","href":"https:\/\/api.w.org\/{rel}","templated":true}]}}