{"id":16059,"date":"2021-03-12T20:44:49","date_gmt":"2021-03-12T23:44:49","guid":{"rendered":"http:\/\/www.centraldenoticias.com.ar\/?p=16059"},"modified":"2021-03-13T09:54:27","modified_gmt":"2021-03-13T12:54:27","slug":"ypf-anuncio-un-aumento-de-15-en-los-proximos-tres-meses-el-martes-la-primera-suba","status":"publish","type":"post","link":"https:\/\/cdnoticias.com\/index.php\/2021\/03\/12\/ypf-anuncio-un-aumento-de-15-en-los-proximos-tres-meses-el-martes-la-primera-suba\/","title":{"rendered":"YPF anunci\u00f3 un aumento de 15% en los pr\u00f3ximos tres meses: el martes, la primera suba"},"content":{"rendered":"<p>La compa\u00f1\u00eda indic\u00f3 que el incremento servir\u00e1 para financiar su plan de inversi\u00f3n para 2021. La primera suba ser\u00eda del 6%.<!--more--><\/p>\n<hr \/>\n<p>La empresa petrolera estatal YPF anticip\u00f3 este viernes que <strong>aumentar\u00e1 un 15% sus combustibles en los pr\u00f3ximos tres meses para poder financiar su plan de inversiones previsto para 2021, y la primera suba ser\u00e1 el pr\u00f3ximo martes, en torno al 6%<\/strong>. A eso se le sumar\u00e1 un 3% extra correspondiente al aumento del impuesto a los combustibles.<\/p>\n<p>&nbsp;<\/p>\n<blockquote><p>El anuncio fue realizado por el presidente de YPF, Pablo Gonz\u00e1lez, y el CEO de la compa\u00f1\u00eda, Sergio Affronti, en una videoconferencia de la que participaron gobernadores de provincias petroleras, el ministro de Desarrollo Productivo, Matias Kulfas; y el secretario de Energ\u00eda, Dar\u00edo Mart\u00ednez.<\/p><\/blockquote>\n<p>&nbsp;<\/p>\n<p>Affronti explic\u00f3 que ser\u00e1 necesario para la compa\u00f1\u00eda \u201caplicar incrementos de los precios en los pr\u00f3ximos tres meses en el orden del 15%\u201d, ante la necesidad de financiamiento para \u201cgenerar el abastecimiento necesario de energ\u00eda\u201d que el pa\u00eds necesita. En ese sentido,<strong> la empresa prev\u00e9 un plan de inversiones de 2.700 millones de d\u00f3lares para 2021.<\/strong><\/p>\n<p>&nbsp;<\/p>\n<p>Seg\u00fan se precis\u00f3, el incremento se aplicar\u00e1<strong> a partir de la semana pr\u00f3xima, cuando podr\u00eda anunciarse una suba cercana al 6%. El saldo restante se impondr\u00e1 entre abril y mayo<\/strong>. A principios de abril, en tanto, se espera una suba extra del 3%, correspondiente a una suba impositiva.<\/p>\n<p>&nbsp;<\/p>\n<p><img data-recalc-dims=\"1\" loading=\"lazy\" decoding=\"async\" class=\"alignnone size-full wp-image-16037\" src=\"https:\/\/i0.wp.com\/cdnoticias.com\/wp-content\/uploads\/2021\/03\/ypf-playero.jpg?resize=750%2C427&#038;ssl=1\" alt=\"\" width=\"750\" height=\"427\" srcset=\"https:\/\/i0.wp.com\/cdnoticias.com\/wp-content\/uploads\/2021\/03\/ypf-playero.jpg?w=750&amp;ssl=1 750w, https:\/\/i0.wp.com\/cdnoticias.com\/wp-content\/uploads\/2021\/03\/ypf-playero.jpg?resize=300%2C171&amp;ssl=1 300w\" sizes=\"auto, (max-width: 750px) 100vw, 750px\" \/><\/p>\n<p>&nbsp;<\/p>\n<p>Como suele ocurrir, <strong>la suba de naftas en YPF empujar\u00e1 al resto de las compa\u00f1\u00edas a hacer lo propio: es que, al tener la porci\u00f3n mayoritaria del mercado, la compa\u00f1\u00eda estatal se erige como una suerte de \u201crectora\u201d en los precios del sector<\/strong>. De todos modos, en la presentaci\u00f3n de hoy se asegur\u00f3 que el 15% ser\u00e1 el incremento total de este a\u00f1o, de no mediar ning\u00fan desequilibrio macroecon\u00f3mico.<\/p>\n<p>&nbsp;<\/p>\n<p><em><strong>Inversiones<\/strong><\/em><\/p>\n<p>&nbsp;<\/p>\n<p>G\u00f3nz\u00e1lez y Affronti destacaron que para este a\u00f1o, <strong>est\u00e1 previsto invertir 2.700 millones de d\u00f3lares, lo que representa un crecimiento del 73% respecto del a\u00f1o anterior<\/strong>, lo que ubica a YPF como la empresa l\u00edder en inversiones en el pa\u00eds.<\/p>\n<p>&nbsp;<\/p>\n<p><strong>Casi el 80% de dichas inversiones estar\u00e1n destinadas a aumentar la actividad y la producci\u00f3n de gas y petr\u00f3leo<\/strong> en los yacimientos que opera la compa\u00f1\u00eda. En el no convencional se estima invertir 1.300 millones de d\u00f3lares para la <strong>perforaci\u00f3n de m\u00e1s de 180 pozos nuevos<\/strong>, lo que le permitir\u00e1 a la compa\u00f1\u00eda sostener el liderazgo que hoy tiene en la formaci\u00f3n Vaca Muerta.<\/p>\n<p>&nbsp;<\/p>\n<p>Tambi\u00e9n se desarrollar\u00e1 <strong>un plan en el convencional con 800 millones de d\u00f3lares de inversi\u00f3n con foco en la recuperaci\u00f3n secundaria y terciaria<\/strong> que muy buenos resultados est\u00e1 dando en yacimientos con muchos a\u00f1os de producci\u00f3n.<\/p>\n<p>&nbsp;<\/p>\n<p><a href=\"https:\/\/dib.com.ar\/2021\/03\/ypf-anuncio-un-aumento-de-15-en-los-proximos-tres-meses-el-martes-la-primera-suba\/\" target=\"_blank\" rel=\"noopener\">Fuente DIB<\/a><\/p>\n","protected":false},"excerpt":{"rendered":"<p>La compa\u00f1\u00eda indic\u00f3 que el incremento servir\u00e1 para financiar su plan de inversi\u00f3n para 2021. La primera suba ser\u00eda del<\/p>\n","protected":false},"author":3,"featured_media":16041,"comment_status":"closed","ping_status":"closed","sticky":false,"template":"","format":"standard","meta":{"_jetpack_memberships_contains_paid_content":false,"footnotes":""},"categories":[6,1],"tags":[],"class_list":["post-16059","post","type-post","status-publish","format-standard","has-post-thumbnail","hentry","category-nacionales","category-portada"],"jetpack_featured_media_url":"https:\/\/i0.wp.com\/cdnoticias.com\/wp-content\/uploads\/2021\/03\/ypf_1590951577.jpg?fit=1686%2C950&ssl=1","jetpack_sharing_enabled":true,"_links":{"self":[{"href":"https:\/\/cdnoticias.com\/index.php\/wp-json\/wp\/v2\/posts\/16059","targetHints":{"allow":["GET"]}}],"collection":[{"href":"https:\/\/cdnoticias.com\/index.php\/wp-json\/wp\/v2\/posts"}],"about":[{"href":"https:\/\/cdnoticias.com\/index.php\/wp-json\/wp\/v2\/types\/post"}],"author":[{"embeddable":true,"href":"https:\/\/cdnoticias.com\/index.php\/wp-json\/wp\/v2\/users\/3"}],"replies":[{"embeddable":true,"href":"https:\/\/cdnoticias.com\/index.php\/wp-json\/wp\/v2\/comments?post=16059"}],"version-history":[{"count":0,"href":"https:\/\/cdnoticias.com\/index.php\/wp-json\/wp\/v2\/posts\/16059\/revisions"}],"wp:featuredmedia":[{"embeddable":true,"href":"https:\/\/cdnoticias.com\/index.php\/wp-json\/wp\/v2\/media\/16041"}],"wp:attachment":[{"href":"https:\/\/cdnoticias.com\/index.php\/wp-json\/wp\/v2\/media?parent=16059"}],"wp:term":[{"taxonomy":"category","embeddable":true,"href":"https:\/\/cdnoticias.com\/index.php\/wp-json\/wp\/v2\/categories?post=16059"},{"taxonomy":"post_tag","embeddable":true,"href":"https:\/\/cdnoticias.com\/index.php\/wp-json\/wp\/v2\/tags?post=16059"}],"curies":[{"name":"wp","href":"https:\/\/api.w.org\/{rel}","templated":true}]}}