{"id":1604,"date":"2020-09-15T16:08:55","date_gmt":"2020-09-15T19:08:55","guid":{"rendered":"http:\/\/www.centraldenoticias.com.ar\/?p=1604"},"modified":"2020-09-15T17:06:06","modified_gmt":"2020-09-15T20:06:06","slug":"con-los-pies-en-la-tierra","status":"publish","type":"post","link":"https:\/\/cdnoticias.com\/index.php\/2020\/09\/15\/con-los-pies-en-la-tierra\/","title":{"rendered":"Con los pies en la tierra"},"content":{"rendered":"<p>Por Lucrecia Manso \/ <a href=\"https:\/\/www.instagram.com\/laranadespierta\/\">@laranadespierta<\/a><\/p>\n<p>&nbsp;<\/p>\n<p>Hubo instante en que me desconecte. Me perd\u00ed.<\/p>\n<p>&nbsp;<\/p>\n<p>Revivir la sensaci\u00f3n de frescura.\u00a0 Mis pies en el agua del arroyo. La suavidad del barro y de los musgos. Andar primero con cierta impresi\u00f3n y desconfianza. Buscar equilibrio. Reconocer donde pisar.<\/p>\n<p>&nbsp;<\/p>\n<p>Caminar\u00a0 con pausa. Mirar las piedras. Buscar el lugar m\u00e1s c\u00f3modo y seguro. Sentir el apoyo de mis pies. Dar el siguiente paso. Confiar. Aceptar su naturaleza.<\/p>\n<p>&nbsp;<\/p>\n<p>Llegar a una piedra. Sentarme. El arroyo con su curso a los lados. El sonido del viento en los pastizales. El reflejo del sol brillante sobre el agua.<\/p>\n<p>&nbsp;<\/p>\n<p>Ciento de veces. Una vez. Los pies en el agua. Los pies en la tierra.<\/p>\n<p>&nbsp;<\/p>\n<p>Me fui. Olvid\u00e9. Todo en mi cabeza. Ideas, planes, preocupaciones. El futuro. Me desconect\u00e9 y tuve miedo.<\/p>\n<p>&nbsp;<\/p>\n<p>La Rana me trajo hasta aqu\u00ed. Y me recuerda siempre como regresar si me voy demasiado lejos.<\/p>\n<p>&nbsp;<\/p>\n<p>Traigo los pies a tierra. Siento que tengo ra\u00edces.<\/p>\n<p>&nbsp;<\/p>\n<p>La tierra me limita, me contiene. Me impone sus condiciones. Me recuerda lo que hay m\u00e1s all\u00e1 de m\u00ed. Todo est\u00e1 sucediendo ahora. Cambio. Movimiento. Debo enraizar para sostenerme. Para dejarme sostener.<\/p>\n<p>&nbsp;<\/p>\n<p>Mi mente piensa, ordena, imagina, juzga, proyecta, recuerda y olvida. Omite y sobredimensiona. La tierra calma mi mente. La lleva a mis sentidos. Relajar. Pensar al ritmo del aire fresco. Pensar con el cuerpo. Pensar con los pies. Con mis latidos.<\/p>\n<p>&nbsp;<\/p>\n<p>No todo est\u00e1 en lo m\u00e1s alto. Volver a mi cuerpo, natural y sensible. En su movimiento y quietud. Sentirme abrazada y tranquila. No soy infinita cuando me voy alto y lejos.<\/p>\n<p>&nbsp;<\/p>\n<p>Soy infinita aqu\u00ed. Con la naturaleza. Vuelvo a nacer en la inmensidad de una tarde. De una y de todas las tardes. S\u00e9 que ese momento es \u00fanico. Repetido y \u00fanico. Me siento parte de un mundo que nace cada d\u00eda. Hoy vuelve a nacer.<\/p>\n<p>&nbsp;<\/p>\n<p>Los pies en la tierra me hacen disfrutar. Cada paso tan mundano. Tan fugaz.<\/p>\n<p>&nbsp;<\/p>\n<p>Con los pies en la tierra puedo despegar. Volar. Irme. Sin un miedo que paralice. A tierra firme\u00a0 regresar.<\/p>\n","protected":false},"excerpt":{"rendered":"<p>Por Lucrecia Manso \/ @laranadespierta &nbsp; Hubo instante en que me desconecte. Me perd\u00ed. &nbsp; Revivir la sensaci\u00f3n de frescura.\u00a0<\/p>\n","protected":false},"author":3,"featured_media":0,"comment_status":"closed","ping_status":"closed","sticky":false,"template":"","format":"standard","meta":{"_jetpack_memberships_contains_paid_content":false,"footnotes":""},"categories":[9,1],"tags":[],"class_list":["post-1604","post","type-post","status-publish","format-standard","hentry","category-cultura","category-portada"],"jetpack_featured_media_url":"","jetpack_sharing_enabled":true,"_links":{"self":[{"href":"https:\/\/cdnoticias.com\/index.php\/wp-json\/wp\/v2\/posts\/1604","targetHints":{"allow":["GET"]}}],"collection":[{"href":"https:\/\/cdnoticias.com\/index.php\/wp-json\/wp\/v2\/posts"}],"about":[{"href":"https:\/\/cdnoticias.com\/index.php\/wp-json\/wp\/v2\/types\/post"}],"author":[{"embeddable":true,"href":"https:\/\/cdnoticias.com\/index.php\/wp-json\/wp\/v2\/users\/3"}],"replies":[{"embeddable":true,"href":"https:\/\/cdnoticias.com\/index.php\/wp-json\/wp\/v2\/comments?post=1604"}],"version-history":[{"count":0,"href":"https:\/\/cdnoticias.com\/index.php\/wp-json\/wp\/v2\/posts\/1604\/revisions"}],"wp:attachment":[{"href":"https:\/\/cdnoticias.com\/index.php\/wp-json\/wp\/v2\/media?parent=1604"}],"wp:term":[{"taxonomy":"category","embeddable":true,"href":"https:\/\/cdnoticias.com\/index.php\/wp-json\/wp\/v2\/categories?post=1604"},{"taxonomy":"post_tag","embeddable":true,"href":"https:\/\/cdnoticias.com\/index.php\/wp-json\/wp\/v2\/tags?post=1604"}],"curies":[{"name":"wp","href":"https:\/\/api.w.org\/{rel}","templated":true}]}}