{"id":16030,"date":"2021-03-15T08:38:20","date_gmt":"2021-03-15T11:38:20","guid":{"rendered":"http:\/\/www.centraldenoticias.com.ar\/?p=16030"},"modified":"2021-03-15T12:02:08","modified_gmt":"2021-03-15T15:02:08","slug":"leonardo-maiola-durante-el-2020-entregamos-mas-de-4-millones-de-pesos-en-creditos","status":"publish","type":"post","link":"https:\/\/cdnoticias.com\/index.php\/2021\/03\/15\/leonardo-maiola-durante-el-2020-entregamos-mas-de-4-millones-de-pesos-en-creditos\/","title":{"rendered":"Leonardo Maiola: \u201cDurante el 2020 entregamos m\u00e1s de 4 millones de pesos en cr\u00e9ditos\u201d"},"content":{"rendered":"<p>As\u00ed lo afirm\u00f3 el Director de Econom\u00eda Social del Municipio en Radio Universidad (FM 90.1). Habl\u00f3 sobre la primera edici\u00f3n de &#8220;Mercado Olavarriense&#8221; y destac\u00f3 el trabajo realizado durante la pandemia.<!--more--><\/p>\n<hr \/>\n<p>El<strong>\u00a0domingo s<\/strong>e realiz\u00f3 la primera edici\u00f3n del <strong>Programa \u201cMercado Olavarriense\u201d<\/strong> -impulsado por la Secretar\u00eda de Desarrollo Econ\u00f3mico de la Municipalidad- en el Parque Eseverri, con una gran variedad de productos locales.<\/p>\n<p>&nbsp;<\/p>\n<p>En este contexto, <strong>el Director de Econom\u00eda Social de la Municipalidad de Olavarr\u00eda, Leonardo Maiola, explic\u00f3 en Radio Universidad (FM 90.1) las caracter\u00edsticas de la feria<\/strong> que se origin\u00f3 como una continuidad de \u201cEl Mercado en tu barrio\u201d, en donde se ampl\u00eda la oferta y se incluye a emprendedores en general, que produzcan o presenten servicios en nuestra ciudad.<\/p>\n<p>&nbsp;<\/p>\n<p><em>\u201cEs un programa integral donde el principal objetivo es impulsar a la<strong> visualizaci\u00f3n de los productos y servicios que se elaboran a nivel local<\/strong>\u201d<\/em>, indic\u00f3 y agreg\u00f3 que se proponen lograr una periodicidad como la que ten\u00eda el anterior programa.<\/p>\n<p>&nbsp;<\/p>\n<p>Valor\u00f3 el acompa\u00f1amiento de los vecinos durante la realizaci\u00f3n de \u201cMercado en tu barrio\u201d, la iniciativa que se llev\u00f3 a cabo durante 2019 y se vio interrumpida por la pandemia del coronavirus.<\/p>\n<p>&nbsp;<\/p>\n<p><iframe id=\"audio_66700286\" style=\"width: 100%;\" src=\"https:\/\/ar.ivoox.com\/es\/player_ej_66700286_6_1.html\" height=\"200\" frameborder=\"0\" scrolling=\"no\" allowfullscreen=\"allowfullscreen\"><\/iframe><\/p>\n<p>&nbsp;<\/p>\n<p><strong>Las acciones durante el 2020<\/strong><\/p>\n<p>&nbsp;<\/p>\n<p>Maiola reconoci\u00f3 que el sector de los peque\u00f1os emprendedores fue uno de los <strong>m\u00e1s perjudicados<\/strong> durante el a\u00f1o pasado, debido a las restricciones sanitarias que tuvo que afrontar.<\/p>\n<p>&nbsp;<\/p>\n<p>En ese sentido, resalt\u00f3 las estrategias\u00a0que se dispusieron desde el Municipio para acompa\u00f1ar a los peque\u00f1os productores y emprendedores. <strong><em>\u201cDurante la pandemia tuvimos una l\u00ednea peque\u00f1a de cr\u00e9ditos para acompa\u00f1ar el sector. Durante el 2020 entregamos m\u00e1s de 4 millones de pesos en cr\u00e9ditos\u201d<\/em><\/strong>, asegur\u00f3.<\/p>\n<p>&nbsp;<\/p>\n<p>Adem\u00e1s, explic\u00f3 que se brindaron otras herramientas para todo el sector emprendedor: <em>\u201cHicimos capacitaciones con m\u00e1s de 500 participantes, realizamos asistencia t\u00e9cnica personalizada a m\u00e1s de 2 mil emprendimientos, de acuerdo a las necesidades de cada proyecto\u201d.<\/em><\/p>\n<p>&nbsp;<\/p>\n<p>Por \u00faltimo, destac\u00f3 la necesidad de<strong> reapertura de este tipo de actividades<\/strong> para que el sector pueda r\u00e1pidamente recuperarse como un \u00e1rea de generaci\u00f3n de empleo genuino.<\/p>\n<p>&nbsp;<\/p>\n<p>El \u201cMercado Olavarriense\u201d se desarroll\u00f3 en el sector de juegos infantiles de 10 a 18 horas. Participaron alrededor de<strong> 46 emprendimientos<\/strong> que vendieron frutas, verduras, hortalizas, pasteler\u00eda artesanal, panificados, budines, alfajores, dulces y mermeladas, huevos de campo, miel, licores, licuados, arom\u00e1ticas, cactus, artesan\u00edas en general, entre otros.<\/p>\n","protected":false},"excerpt":{"rendered":"<p>As\u00ed lo afirm\u00f3 el Director de Econom\u00eda Social del Municipio en Radio Universidad (FM 90.1). Habl\u00f3 sobre la primera edici\u00f3n<\/p>\n","protected":false},"author":5,"featured_media":16032,"comment_status":"closed","ping_status":"closed","sticky":false,"template":"","format":"standard","meta":{"_jetpack_memberships_contains_paid_content":false,"footnotes":""},"categories":[5,1],"tags":[],"class_list":["post-16030","post","type-post","status-publish","format-standard","has-post-thumbnail","hentry","category-informacion-general","category-portada"],"jetpack_featured_media_url":"https:\/\/i0.wp.com\/cdnoticias.com\/wp-content\/uploads\/2021\/03\/DE-Mercado-en-tu-Barrio-2-1024x683.jpg?fit=1024%2C683&ssl=1","jetpack_sharing_enabled":true,"_links":{"self":[{"href":"https:\/\/cdnoticias.com\/index.php\/wp-json\/wp\/v2\/posts\/16030","targetHints":{"allow":["GET"]}}],"collection":[{"href":"https:\/\/cdnoticias.com\/index.php\/wp-json\/wp\/v2\/posts"}],"about":[{"href":"https:\/\/cdnoticias.com\/index.php\/wp-json\/wp\/v2\/types\/post"}],"author":[{"embeddable":true,"href":"https:\/\/cdnoticias.com\/index.php\/wp-json\/wp\/v2\/users\/5"}],"replies":[{"embeddable":true,"href":"https:\/\/cdnoticias.com\/index.php\/wp-json\/wp\/v2\/comments?post=16030"}],"version-history":[{"count":0,"href":"https:\/\/cdnoticias.com\/index.php\/wp-json\/wp\/v2\/posts\/16030\/revisions"}],"wp:featuredmedia":[{"embeddable":true,"href":"https:\/\/cdnoticias.com\/index.php\/wp-json\/wp\/v2\/media\/16032"}],"wp:attachment":[{"href":"https:\/\/cdnoticias.com\/index.php\/wp-json\/wp\/v2\/media?parent=16030"}],"wp:term":[{"taxonomy":"category","embeddable":true,"href":"https:\/\/cdnoticias.com\/index.php\/wp-json\/wp\/v2\/categories?post=16030"},{"taxonomy":"post_tag","embeddable":true,"href":"https:\/\/cdnoticias.com\/index.php\/wp-json\/wp\/v2\/tags?post=16030"}],"curies":[{"name":"wp","href":"https:\/\/api.w.org\/{rel}","templated":true}]}}