{"id":16023,"date":"2021-03-14T09:18:51","date_gmt":"2021-03-14T12:18:51","guid":{"rendered":"http:\/\/www.centraldenoticias.com.ar\/?p=16023"},"modified":"2021-03-14T11:54:07","modified_gmt":"2021-03-14T14:54:07","slug":"8m-la-conquista-de-espacios-y-derechos-en-el-ambito-universitario","status":"publish","type":"post","link":"https:\/\/cdnoticias.com\/index.php\/2021\/03\/14\/8m-la-conquista-de-espacios-y-derechos-en-el-ambito-universitario\/","title":{"rendered":"#8M: la conquista de espacios y derechos en el \u00e1mbito universitario"},"content":{"rendered":"<p>Trabajadoras de la FACSO reflexionaron, a partir de sus recorridos y experiencias, sobre el desempe\u00f1o de las mujeres en la investigaci\u00f3n, extensi\u00f3n y docencia universitaria.<!--more--><\/p>\n<hr \/>\n<p><strong>Mar\u00eda Luz Endere, Rosana Sosa y M\u00f3nica Cohendoz,<\/strong> son referentes en distintos espacios dentro de la Facultad de Ciencias Sociales. Ellas, como investigadoras, extensionistas y docentes, transitan los pasillos de esta casa de estudios casi desde sus comienzos. Esto las hace protagonistas y conocedoras de las conquistas que han dado las mujeres en este \u00e1mbito. <strong>En el marco del #8M, aportaron sus miradas.<\/strong><\/p>\n<p>&nbsp;<\/p>\n<p><strong>Investigaci\u00f3n<\/strong><\/p>\n<p>&nbsp;<\/p>\n<p><strong><img data-recalc-dims=\"1\" loading=\"lazy\" decoding=\"async\" class=\"alignleft size-thumbnail wp-image-16026\" src=\"https:\/\/i0.wp.com\/cdnoticias.com\/wp-content\/uploads\/2021\/03\/endere.jpg?resize=150%2C150&#038;ssl=1\" alt=\"\" width=\"150\" height=\"150\" srcset=\"https:\/\/i0.wp.com\/cdnoticias.com\/wp-content\/uploads\/2021\/03\/endere.jpg?resize=150%2C150&amp;ssl=1 150w, https:\/\/i0.wp.com\/cdnoticias.com\/wp-content\/uploads\/2021\/03\/endere.jpg?zoom=2&amp;resize=150%2C150&amp;ssl=1 300w, https:\/\/i0.wp.com\/cdnoticias.com\/wp-content\/uploads\/2021\/03\/endere.jpg?zoom=3&amp;resize=150%2C150&amp;ssl=1 450w\" sizes=\"auto, (max-width: 150px) 100vw, 150px\" \/>La Dra. Mar\u00eda Luz Endere es investigadora en la UE INCUAPA-CONICET, dirige el Doctorado de Arqueolog\u00eda de la FACSO y se desempe\u00f1a como docente de grado y postgrado.<\/strong> Lleg\u00f3 a la Facultad en el 1988 formando parte de la primera promoci\u00f3n de ingresantes. En pleno retorno de la democracia, un momento en el que ten\u00eda mucha importancia el poder opinar y dialogar, <em>\u201cla agenda feminista no era tan importante como ahora. Hubo determinados hechos en Argentina que pusieron el tema en agenda\u201d<\/em>, expres\u00f3.<\/p>\n<p>&nbsp;<\/p>\n<p>Mar\u00eda Luz lleg\u00f3 a la arqueolog\u00eda por casualidades de la vida y es as\u00ed que<em> \u201cesto era como un hobby y en alg\u00fan punto me di cuenta que lo que m\u00e1s me gustaba era investigar. Mi objetivo fue trabajar para entrar a CONICET y dedicarme a la investigaci\u00f3n\u201d<\/em>. En su trayecto como estudiante vivi\u00f3 experiencias en las que <strong><em>\u201cescuch\u00e9 a profesores decir \u2018a las mujeres no se las puede traer al campo\u2019, pero ya est\u00e1 superado\u201d<\/em><\/strong>, recuerda.<\/p>\n<p>&nbsp;<\/p>\n<p>Los obst\u00e1culos en su profesi\u00f3n de investigadora han sido tan sutiles que <em>&#8220;una no se da cuenta. Hace un par de a\u00f1os en una mesa de arqueolog\u00eda, una arque\u00f3loga empez\u00f3 a contar c\u00f3mo discutiendo en una comisi\u00f3n ella sent\u00eda que su opini\u00f3n no era tenida en cuenta y me di cuenta que a veces a m\u00ed me pasaba eso. A veces integrando una comisi\u00f3n soy la \u00fanica mujer entre hombres\u201d<\/em>, reflexiona.<\/p>\n<p>&nbsp;<\/p>\n<p>Con el correr de los a\u00f1os llegaron las transformaciones. <em>\u201cEn estos \u00faltimos a\u00f1os empezaron a haber mesas de mujeres en arqueolog\u00eda donde se mostraron situaciones muy graves de acoso; diferente es el caso de nuestra Facultad donde siempre hubo buena relaci\u00f3n. S\u00ed entre los propios compa\u00f1eros existi\u00f3 esto de hacer bromas o chistes que<strong> en esa \u00e9poca uno lo tomaba como una regla de juego, m\u00e1s all\u00e1 de que desagradaba<\/strong>\u201d<\/em>, manifest\u00f3.<\/p>\n<p>&nbsp;<\/p>\n<p>Por \u00faltimo, hizo referencia a los espacios de decisi\u00f3n en la Universidad y detall\u00f3 que \u201c<em>hay un techo en los cargos m\u00e1s importantes, a pesar de que somos mayor\u00eda mujeres,<strong> los cargos m\u00e1s importantes los siguen ocupando los hombres.<\/strong> Este es un tema que nos debemos como sociedad y como mujeres\u201d<\/em>, opin\u00f3 en relaci\u00f3n a los cargos de gesti\u00f3n en el rectorado.<\/p>\n<p>&nbsp;<\/p>\n<p><img data-recalc-dims=\"1\" loading=\"lazy\" decoding=\"async\" class=\"alignnone size-full wp-image-16027\" src=\"https:\/\/i0.wp.com\/cdnoticias.com\/wp-content\/uploads\/2021\/03\/mujeresdest.jpg?resize=800%2C254&#038;ssl=1\" alt=\"\" width=\"800\" height=\"254\" srcset=\"https:\/\/i0.wp.com\/cdnoticias.com\/wp-content\/uploads\/2021\/03\/mujeresdest.jpg?w=1500&amp;ssl=1 1500w, https:\/\/i0.wp.com\/cdnoticias.com\/wp-content\/uploads\/2021\/03\/mujeresdest.jpg?resize=300%2C95&amp;ssl=1 300w, https:\/\/i0.wp.com\/cdnoticias.com\/wp-content\/uploads\/2021\/03\/mujeresdest.jpg?resize=768%2C244&amp;ssl=1 768w, https:\/\/i0.wp.com\/cdnoticias.com\/wp-content\/uploads\/2021\/03\/mujeresdest.jpg?resize=1024%2C325&amp;ssl=1 1024w\" sizes=\"auto, (max-width: 800px) 100vw, 800px\" \/><\/p>\n<p>&nbsp;<\/p>\n<p><strong>Extensi\u00f3n<\/strong><\/p>\n<p>&nbsp;<\/p>\n<p><strong><img data-recalc-dims=\"1\" loading=\"lazy\" decoding=\"async\" class=\"alignleft size-thumbnail wp-image-16028\" src=\"https:\/\/i0.wp.com\/cdnoticias.com\/wp-content\/uploads\/2021\/03\/sosa.jpg?resize=150%2C150&#038;ssl=1\" alt=\"\" width=\"150\" height=\"150\" srcset=\"https:\/\/i0.wp.com\/cdnoticias.com\/wp-content\/uploads\/2021\/03\/sosa.jpg?resize=150%2C150&amp;ssl=1 150w, https:\/\/i0.wp.com\/cdnoticias.com\/wp-content\/uploads\/2021\/03\/sosa.jpg?zoom=2&amp;resize=150%2C150&amp;ssl=1 300w, https:\/\/i0.wp.com\/cdnoticias.com\/wp-content\/uploads\/2021\/03\/sosa.jpg?zoom=3&amp;resize=150%2C150&amp;ssl=1 450w\" sizes=\"auto, (max-width: 150px) 100vw, 150px\" \/>Rosana Sosa<\/strong> lleg\u00f3 a la FACSO en 1992 como estudiante de la carrera de Comunicaci\u00f3n Social y en 1997 se sum\u00f3 a la investigaci\u00f3n, luego a la docencia y a la extensi\u00f3n universitaria, dirigiendo actualmente el <strong>Programa de Econom\u00eda Social, Solidaria y Popular.<\/strong><\/p>\n<p>&nbsp;<\/p>\n<p>Desde su perspectiva manifest\u00f3 que <em>\u201cel rol de la mujer en la comunicaci\u00f3n est\u00e1 vinculado al rol de la mujer en la sociedad. Entre les estudiantes universitarios siempre hubo mayor\u00eda de mujeres sin embargo \u2018estar dentro\u2019 no significa elegir espacios, ocuparlos, construirlos. <strong>Creo que se han conquistado en los \u00faltimos a\u00f1os muchos espacios, muchos derechos y, sobre todo, muchos sentidos. Falta mucho, pero las mujeres hemos hecho que sea inexorable<\/strong>\u201d<\/em>.<\/p>\n<p>&nbsp;<\/p>\n<p>Sosa apunt\u00f3 a que las transformaciones est\u00e1n asociadas a que el rol de la mujer hoy es abordado en el espacio p\u00fablico y que <em>\u201cen el momento en que yo ingres\u00e9 a la facultad el rol de la mujer no era tematizado m\u00e1s que por los especialistas en la materia. En ese sentido, nuestra Facultad estaba un paso adelante porque una de las docentes del primer a\u00f1o nos permiti\u00f3 acceder a las problem\u00e1ticas de g\u00e9nero muy tempranamente, a bibliograf\u00eda de la \u00e9poca, a su experticia y a su militancia de estas cuestiones\u201d.<\/em><\/p>\n<p>&nbsp;<\/p>\n<p>As\u00ed, record\u00f3 que la FACSO y los estudiantes conoc\u00edan desde esa \u00e9poca las discusiones, las posiciones, los aportes del campo de las Ciencias Sociales y las trayectorias vitales de quienes pensaban, problematizaban y produc\u00edan conocimiento en la materia. En esta l\u00ednea record\u00f3 que<em> &#8220;nuestra primera Decana fue mujer, y tuvimos Presidenta de Centro de Estudiantes. Creo que todo eso ha dejado marcas, pero eso no ha impedido que haya marchas y contramarchas, avances y retrocesos porque todo eso se da en<strong> una trama social que sigue siendo patriarcal<\/strong>\u201d.<\/em><\/p>\n<p>&nbsp;<\/p>\n<p>Si bien en su experiencia en el \u00e1mbito de la extensi\u00f3n universitaria no registra obst\u00e1culos o situaciones donde la brecha de g\u00e9nero haya sido protagonista, considera que<em> \u201chay mundos que est\u00e1n superpoblados de hombres. En el campo de la econom\u00eda popular el mayor porcentaje de la dirigencia de las instituciones y organizaciones de apoyo a la econom\u00eda popular lleva corbata y la mayor parte de les trabajadores de la econom\u00eda popular son mujeres\u201d.<\/em><\/p>\n<p>&nbsp;<\/p>\n<p>Tambi\u00e9n reflexion\u00f3 sobre la situaci\u00f3n de las<strong> mujeres y disidencias en la econom\u00eda popular<\/strong> <em>\u201cla econom\u00eda popular est\u00e1 poblada de mujeres que luchan y que participan de la lucha cotidiana. Les trabajadores todos los d\u00edas ponen en cuesti\u00f3n las estructuras de la econom\u00eda capitalista, y por ello las estructuras del patriarcado, del colonialismo, del racismo. Por eso urge que la intervenci\u00f3n de la universidad p\u00fablica asuma y extienda entre sus trabajadores una perspectiva cr\u00edtica y emancipadora\u201d<\/em>, afirm\u00f3.<\/p>\n<p>&nbsp;<\/p>\n<p><strong>Docencia<\/strong><\/p>\n<p>&nbsp;<\/p>\n<p><img data-recalc-dims=\"1\" loading=\"lazy\" decoding=\"async\" class=\"alignleft size-thumbnail wp-image-16025\" src=\"https:\/\/i0.wp.com\/cdnoticias.com\/wp-content\/uploads\/2021\/03\/cohendoz.jpg?resize=150%2C150&#038;ssl=1\" alt=\"\" width=\"150\" height=\"150\" srcset=\"https:\/\/i0.wp.com\/cdnoticias.com\/wp-content\/uploads\/2021\/03\/cohendoz.jpg?resize=150%2C150&amp;ssl=1 150w, https:\/\/i0.wp.com\/cdnoticias.com\/wp-content\/uploads\/2021\/03\/cohendoz.jpg?zoom=2&amp;resize=150%2C150&amp;ssl=1 300w, https:\/\/i0.wp.com\/cdnoticias.com\/wp-content\/uploads\/2021\/03\/cohendoz.jpg?zoom=3&amp;resize=150%2C150&amp;ssl=1 450w\" sizes=\"auto, (max-width: 150px) 100vw, 150px\" \/>La <strong>Dra. M\u00f3nica Cohendoz arrib\u00f3 a Sociales hace 27 a\u00f1os<\/strong>, cuando la unidad acad\u00e9mica estaba organiz\u00e1ndose. Ella llegaba desde la Universidad de Buenos Aires como Lic. en Letras, donde se desempe\u00f1aba tambi\u00e9n como docente: <em>\u201cQuienes trabaj\u00e1bamos ah\u00ed est\u00e1bamos permeadas por la idea defender nuestros derechos\u201d<\/em>, lucha que tambi\u00e9n llev\u00f3 adelante desde su ingreso a Sociales.<\/p>\n<p>&nbsp;<\/p>\n<p>Cohendoz, quien<strong> actualmente es docente e investigadora, adem\u00e1s de Consejera Acad\u00e9mica y haber dirigido en Departamento de Comunicaci\u00f3n Social<\/strong>, se\u00f1al\u00f3 que <em>\u201cnosotras venimos de situaciones donde la violencia pasa por otros lugares que no tiene que ver con discriminaci\u00f3n intelectual, tiene que ver con <strong>lo econ\u00f3mico<\/strong>\u201d<\/em>, aportando su mirada habl\u00f3 sobre el feminismo en la universidad.<\/p>\n<p>&nbsp;<\/p>\n<p>En este marco remarc\u00f3 que <em>\u201cal patriarcado lo fuimos combatiendo desde nuestro posicionamiento como trabajadoras, como defensoras de derechos de la mujer, pero las dominaciones econ\u00f3micas siguen estando presentes en t\u00e9rminos del tiempo en que las mujeres pueden participar en las instituciones y ese tiempo lo tienen que negociar en sus hogares. <strong>Esto lo ves con la experiencia, en el momento lo que haces es defenderte<\/strong>\u201d.<\/em><\/p>\n<p>&nbsp;<\/p>\n<p>Frente a los espacios de poder que ocupan las mujeres en la UNICEN, se\u00f1al\u00f3 que<em> \u201cninguna mujer lleg\u00f3 a rectorado, ahora se pide una Vicerrectora, pero tenemos un techo. Somos conscientes de que la \u00fanica violencia no es la que nos mata, sino c\u00f3mo nos van determinando en algunos caminos, <strong>nos moldean para que no lleguemos a determinados espacios, siempre se nos interpela con que primero somos mam\u00e1 y despu\u00e9s trabajadora<\/strong>\u201d<\/em>, afirm\u00f3.<\/p>\n<p>&nbsp;<\/p>\n<p>Pese a esto visualiza cambios que tienen que ver <em>\u201ccon todo lo que es la organizaci\u00f3n de las mujeres,<strong> queda mucho por recorrer institucional y socialmente,<\/strong> las generaciones que se han criado en la democracia pueden respirar otro aire, pueden vivir esto de otra manera\u201d.<\/em><\/p>\n<p>&nbsp;<\/p>\n<p>De todas maneras, la Dra. M\u00f3nica Cohendoz es consciente que <em>\u201ctodav\u00eda nos falta mucho, hay muchas mujeres que est\u00e1n viviendo muy mal, que son cabeza de hogar, que tienen que salir a trabajar, que no hay equidad en la distribuci\u00f3n del salario y que hay muchas muertes. <strong>En la medida que la conquista fue incrementando, la violencia tambi\u00e9n se fue incrementando<\/strong>. En la facultad hoy por hoy podemos participar y trabajar en muy buenas condiciones y todav\u00eda tenemos que conquistar muchas m\u00e1s\u201d.<\/em><\/p>\n<p>&nbsp;<\/p>\n","protected":false},"excerpt":{"rendered":"<p>Trabajadoras de la FACSO reflexionaron, a partir de sus recorridos y experiencias, sobre el desempe\u00f1o de las mujeres en la<\/p>\n","protected":false},"author":5,"featured_media":13601,"comment_status":"closed","ping_status":"closed","sticky":false,"template":"","format":"standard","meta":{"_jetpack_memberships_contains_paid_content":false,"footnotes":""},"categories":[3,1],"tags":[],"class_list":["post-16023","post","type-post","status-publish","format-standard","has-post-thumbnail","hentry","category-genero","category-portada"],"jetpack_featured_media_url":"https:\/\/i0.wp.com\/cdnoticias.com\/wp-content\/uploads\/2021\/02\/frentefacso.jpg?fit=800%2C357&ssl=1","jetpack_sharing_enabled":true,"_links":{"self":[{"href":"https:\/\/cdnoticias.com\/index.php\/wp-json\/wp\/v2\/posts\/16023","targetHints":{"allow":["GET"]}}],"collection":[{"href":"https:\/\/cdnoticias.com\/index.php\/wp-json\/wp\/v2\/posts"}],"about":[{"href":"https:\/\/cdnoticias.com\/index.php\/wp-json\/wp\/v2\/types\/post"}],"author":[{"embeddable":true,"href":"https:\/\/cdnoticias.com\/index.php\/wp-json\/wp\/v2\/users\/5"}],"replies":[{"embeddable":true,"href":"https:\/\/cdnoticias.com\/index.php\/wp-json\/wp\/v2\/comments?post=16023"}],"version-history":[{"count":0,"href":"https:\/\/cdnoticias.com\/index.php\/wp-json\/wp\/v2\/posts\/16023\/revisions"}],"wp:featuredmedia":[{"embeddable":true,"href":"https:\/\/cdnoticias.com\/index.php\/wp-json\/wp\/v2\/media\/13601"}],"wp:attachment":[{"href":"https:\/\/cdnoticias.com\/index.php\/wp-json\/wp\/v2\/media?parent=16023"}],"wp:term":[{"taxonomy":"category","embeddable":true,"href":"https:\/\/cdnoticias.com\/index.php\/wp-json\/wp\/v2\/categories?post=16023"},{"taxonomy":"post_tag","embeddable":true,"href":"https:\/\/cdnoticias.com\/index.php\/wp-json\/wp\/v2\/tags?post=16023"}],"curies":[{"name":"wp","href":"https:\/\/api.w.org\/{rel}","templated":true}]}}