{"id":160195,"date":"2025-02-13T10:22:08","date_gmt":"2025-02-13T13:22:08","guid":{"rendered":"https:\/\/cdnoticias.com\/?p=160195"},"modified":"2025-02-13T17:12:02","modified_gmt":"2025-02-13T20:12:02","slug":"suteba-en-olavarria-se-aprobo-el-incremento-salarial-del-9","status":"publish","type":"post","link":"https:\/\/cdnoticias.com\/index.php\/2025\/02\/13\/suteba-en-olavarria-se-aprobo-el-incremento-salarial-del-9\/","title":{"rendered":"Suteba: en Olavarr\u00eda se aprob\u00f3 el incremento salarial del 9%"},"content":{"rendered":"\n<p>As\u00ed lo confirm\u00f3 la secretaria General del Sindicato. El aumento ser\u00e1 de un 7% en febrero y un 2% en marzo e impactar\u00e1 en los b\u00e1sicos. Fue aprobado en la mayor\u00eda de los distritos bonaerenses.<\/p>\n\n\n\n<hr class=\"wp-block-separator has-alpha-channel-opacity\"\/>\n\n\n\n<p>La secretaria General de Suteba Olavarr\u00eda, Ver\u00f3nica Danelli, inform\u00f3 que tras la votaci\u00f3n de los afiliados y afiliadas al sindicato<strong> fue aceptada la<a href=\"https:\/\/cdnoticias.com\/index.php\/2025\/02\/12\/la-provincia-ofrecio-a-docentes-y-estatales-un-aumento-de-7-en-febrero-y-2-en-marzo\/\" data-type=\"link\" data-id=\"https:\/\/cdnoticias.com\/index.php\/2025\/02\/12\/la-provincia-ofrecio-a-docentes-y-estatales-un-aumento-de-7-en-febrero-y-2-en-marzo\/\" target=\"_blank\" rel=\"noreferrer noopener\"> oferta salarial <\/a>efectuada el lunes 10 de febrero por el Gobierno de la Provincia en el marco de la Comisi\u00f3n Paritaria Salarial Docente.<\/strong><\/p>\n\n\n\n<p><\/p>\n\n\n\n<p>La propuesta contempla un<strong> incremento salarial del 9% en total, 7% en febrero y 2% en marzo, tomando como base de c\u00e1lculo la de enero de 2025. <\/strong>Desde Suteba destacaron que la medida permite seguir <strong>fortaleciendo el salario b\u00e1sico<\/strong> y mantener la relaci\u00f3n de calidad con el salario de bolsillo. <strong>El aumento lo percibir\u00e1n las y los docentes en actividad, Jubiladas y Jubilados.<\/strong><\/p>\n\n\n\n<p><\/p>\n\n\n\n<p>En di\u00e1logo con el programa <em>Levantate (Radio Sapiens)<\/em>, Danelli destac\u00f3 que <strong>\u201cla Provincia tiene 134 distritos y solo en cuatro distritos no se aprob\u00f3\u201d<\/strong> y resalt\u00f3 que se incluyeron en el acta paritaria <strong>mejoras en las condiciones de trabajo.<\/strong><\/p>\n\n\n\n<p><\/p>\n\n\n\n<p>\u201cTambi\u00e9n<a href=\"https:\/\/cdnoticias.com\/index.php\/2025\/02\/06\/la-provincia-invierte-mas-de-5-mil-millones-para-preparar-las-escuelas-bonaerenses-de-cara-al-inicio-de-clases\/\" target=\"_blank\" rel=\"noreferrer noopener\"> se habl\u00f3 de una <strong>inversi\u00f3n de 5 mil millones de pesos<\/strong><\/a><strong> para las obras de inicio de clases <\/strong>y otras consideraciones como las<strong> licencias m\u00e9dicas<\/strong>, para seguir trabajando en este punto y tener una perspectiva siempre de prevenci\u00f3n de las enfermedades. Adem\u00e1s, de la<strong> creaci\u00f3n de 3 mil nuevos cargos en toda la Provincia<\/strong> para apoyar las trayectorias de los alumnos y alumnas de secundario a partir de la implementaci\u00f3n del nuevo r\u00e9gimen acad\u00e9mico\u201d, agreg\u00f3.<\/p>\n\n\n\n<p><\/p>\n\n\n\n<p>Por otra parte, la dirigente se\u00f1al\u00f3 que la oferta incluye una<strong> cl\u00e1usula de monitoreo y revisi\u00f3n salarial para la segunda quincena de marzo <\/strong>con reapertura de la paritaria para la primera quincena del mes de abril.<\/p>\n\n\n\n<p><\/p>\n\n\n\n<p>Asimismo, el <strong>adelanto excepcional del pago del salario de febrero para el 8 de marzo,<\/strong> <strong>debido al feriado de carnaval,<\/strong> el aumento de la ayuda escolar que pasar\u00e1 a $85.000, que representa un aumento del 65,9%, mientras que las asignaciones familiares se elevan en 10,4%, llevando el tramo uno a $39.000, tramo dos a $26.500, tramo tres a $16.000 y tramo cuatro a $8.200.<\/p>\n\n\n\n<p><\/p>\n\n\n\n<p>Por \u00faltimo, se indic\u00f3 que los sindicatos del FUDB siguen exigiendo al Gobierno Nacional la<strong> devoluci\u00f3n del Fondo de Incentivo Docente.<\/strong> Danielli resalt\u00f3 que \u201cotra de las cuestiones que tambi\u00e9n se votaron fueron las <strong>medidas de fuerza relacionadas al Gobierno Nacional<\/strong>. Nosotros no hemos tenido desde que comenz\u00f3 este gobierno de Milei una paritaria nacional, lo cual ha hecho que <strong>hayamos perdido en nuestro salario un porcentaje muy importante que era el Incentivo Docente<\/strong>\u201d.<\/p>\n","protected":false},"excerpt":{"rendered":"<p>As\u00ed lo confirm\u00f3 la secretaria General del Sindicato. El aumento ser\u00e1 de un 7% en febrero y un 2% en<\/p>\n","protected":false},"author":5,"featured_media":88183,"comment_status":"closed","ping_status":"closed","sticky":false,"template":"","format":"standard","meta":{"_jetpack_memberships_contains_paid_content":false,"footnotes":""},"categories":[5,1],"tags":[],"class_list":["post-160195","post","type-post","status-publish","format-standard","has-post-thumbnail","hentry","category-informacion-general","category-portada"],"jetpack_featured_media_url":"https:\/\/i0.wp.com\/cdnoticias.com\/wp-content\/uploads\/2023\/06\/veronica-danelli-suteba.jpg?fit=800%2C445&ssl=1","jetpack_sharing_enabled":true,"_links":{"self":[{"href":"https:\/\/cdnoticias.com\/index.php\/wp-json\/wp\/v2\/posts\/160195","targetHints":{"allow":["GET"]}}],"collection":[{"href":"https:\/\/cdnoticias.com\/index.php\/wp-json\/wp\/v2\/posts"}],"about":[{"href":"https:\/\/cdnoticias.com\/index.php\/wp-json\/wp\/v2\/types\/post"}],"author":[{"embeddable":true,"href":"https:\/\/cdnoticias.com\/index.php\/wp-json\/wp\/v2\/users\/5"}],"replies":[{"embeddable":true,"href":"https:\/\/cdnoticias.com\/index.php\/wp-json\/wp\/v2\/comments?post=160195"}],"version-history":[{"count":0,"href":"https:\/\/cdnoticias.com\/index.php\/wp-json\/wp\/v2\/posts\/160195\/revisions"}],"wp:featuredmedia":[{"embeddable":true,"href":"https:\/\/cdnoticias.com\/index.php\/wp-json\/wp\/v2\/media\/88183"}],"wp:attachment":[{"href":"https:\/\/cdnoticias.com\/index.php\/wp-json\/wp\/v2\/media?parent=160195"}],"wp:term":[{"taxonomy":"category","embeddable":true,"href":"https:\/\/cdnoticias.com\/index.php\/wp-json\/wp\/v2\/categories?post=160195"},{"taxonomy":"post_tag","embeddable":true,"href":"https:\/\/cdnoticias.com\/index.php\/wp-json\/wp\/v2\/tags?post=160195"}],"curies":[{"name":"wp","href":"https:\/\/api.w.org\/{rel}","templated":true}]}}