{"id":160185,"date":"2025-02-13T07:46:43","date_gmt":"2025-02-13T10:46:43","guid":{"rendered":"https:\/\/cdnoticias.com\/?p=160185"},"modified":"2025-02-13T07:55:47","modified_gmt":"2025-02-13T10:55:47","slug":"corte-de-servicio-electrico-en-loma-negra","status":"publish","type":"post","link":"https:\/\/cdnoticias.com\/index.php\/2025\/02\/13\/corte-de-servicio-electrico-en-loma-negra\/","title":{"rendered":"Corte de servicio el\u00e9ctrico en Loma Negra"},"content":{"rendered":"<p>Este jueves, desde las 8 personal de Coopelectric realizar\u00e1 tareas de mantenimiento.<!--more--><\/p>\n<hr \/>\n<p><strong>Coopelectric<\/strong> inform\u00f3 que se <strong>producir\u00e1 un corte de servicio el\u00e9ctrico<\/strong> en la localidad de <strong>Loma Negra.<\/strong><\/p>\n<blockquote><p>Afectar\u00e1 el sector delimitado por Santa Elena, Sarmiento, Salta y Alberdi de 8 a 12.<\/p><\/blockquote>\n<p>El personal de la cooperativa realizar\u00e1 tareas de <strong>mantenimiento<\/strong>.<\/p>\n","protected":false},"excerpt":{"rendered":"<p>Este jueves, desde las 8 personal de Coopelectric realizar\u00e1 tareas de mantenimiento.<\/p>\n","protected":false},"author":4,"featured_media":133446,"comment_status":"closed","ping_status":"closed","sticky":false,"template":"","format":"standard","meta":{"_jetpack_memberships_contains_paid_content":false,"footnotes":""},"categories":[5,1],"tags":[],"class_list":["post-160185","post","type-post","status-publish","format-standard","has-post-thumbnail","hentry","category-informacion-general","category-portada"],"jetpack_featured_media_url":"https:\/\/i0.wp.com\/cdnoticias.com\/wp-content\/uploads\/2024\/12\/coopelectric-reparacion-03.jpg?fit=800%2C444&ssl=1","jetpack_sharing_enabled":true,"_links":{"self":[{"href":"https:\/\/cdnoticias.com\/index.php\/wp-json\/wp\/v2\/posts\/160185","targetHints":{"allow":["GET"]}}],"collection":[{"href":"https:\/\/cdnoticias.com\/index.php\/wp-json\/wp\/v2\/posts"}],"about":[{"href":"https:\/\/cdnoticias.com\/index.php\/wp-json\/wp\/v2\/types\/post"}],"author":[{"embeddable":true,"href":"https:\/\/cdnoticias.com\/index.php\/wp-json\/wp\/v2\/users\/4"}],"replies":[{"embeddable":true,"href":"https:\/\/cdnoticias.com\/index.php\/wp-json\/wp\/v2\/comments?post=160185"}],"version-history":[{"count":0,"href":"https:\/\/cdnoticias.com\/index.php\/wp-json\/wp\/v2\/posts\/160185\/revisions"}],"wp:featuredmedia":[{"embeddable":true,"href":"https:\/\/cdnoticias.com\/index.php\/wp-json\/wp\/v2\/media\/133446"}],"wp:attachment":[{"href":"https:\/\/cdnoticias.com\/index.php\/wp-json\/wp\/v2\/media?parent=160185"}],"wp:term":[{"taxonomy":"category","embeddable":true,"href":"https:\/\/cdnoticias.com\/index.php\/wp-json\/wp\/v2\/categories?post=160185"},{"taxonomy":"post_tag","embeddable":true,"href":"https:\/\/cdnoticias.com\/index.php\/wp-json\/wp\/v2\/tags?post=160185"}],"curies":[{"name":"wp","href":"https:\/\/api.w.org\/{rel}","templated":true}]}}