{"id":16014,"date":"2021-03-12T14:01:09","date_gmt":"2021-03-12T17:01:09","guid":{"rendered":"http:\/\/www.centraldenoticias.com.ar\/?p=16014"},"modified":"2021-03-12T17:20:08","modified_gmt":"2021-03-12T20:20:08","slug":"nuevos-allanamientos-por-robos-en-parque-sur","status":"publish","type":"post","link":"https:\/\/cdnoticias.com\/index.php\/2021\/03\/12\/nuevos-allanamientos-por-robos-en-parque-sur\/","title":{"rendered":"Nuevos allanamientos por robos en Parque Sur"},"content":{"rendered":"<p>Este viernes se concretaron tres procedimientos en domicilios de Olavarr\u00eda. Los resultados fueron positivos. Se investigan robos registrados desde enero en adelante.<!--more--><\/p>\n<hr \/>\n<p><strong>Tres allanamientos en domicilios de Olavarr\u00eda se llevaron a cabo en la ma\u00f1ana de este viernes con intervenci\u00f3n de personal de la Sub DDI local<\/strong>.<\/p>\n<p>&nbsp;<\/p>\n<blockquote><p>Se dej\u00f3 saber que \u201carrojaron resultados positivos para la investigaci\u00f3n efectu\u00e1ndose numerosos secuestros\u201d, aunque no se detallaron los elementos incautados.<\/p><\/blockquote>\n<p>&nbsp;<\/p>\n<p>Seg\u00fan se dio a conocer, las medidas se cumplieron en el marco de la investigaci\u00f3n por <strong>\u201crobo agravado por el uso de armas\u201d<\/strong> que instruye la UFI N\u00ba 10 interinamente a cargo de la fiscal Paula Serrano.<\/p>\n<p>&nbsp;<\/p>\n<p>En la causa <strong>se averiguan numerosos il\u00edcitos registrados desde el mes de enero y hasta el mes de marzo en la zona del Parque Sur<\/strong>. En cada uno, act\u00faan delincuentes al amparo de la oscuridad y mediante intimidaci\u00f3n con el uso de arma de fuego roban tel\u00e9fonos y dinero a las v\u00edctimas, seg\u00fan se estableci\u00f3.<\/p>\n<p>&nbsp;<\/p>\n<p>Cabe recordar que el mes pasado <a href=\"https:\/\/cdnoticias.com\/index.php\/2021\/02\/27\/secuestro-de-armas-y-municiones-en-allanamientos-por-robos-en-parque-sur\/\" target=\"_blank\" rel=\"noopener\">ya se hab\u00edan concretado tambi\u00e9n distintos allanamientos<\/a> en el marco de la misma investigaci\u00f3n penal.<\/p>\n<p>&nbsp;<\/p>\n<p>Las diligencias efectuadas este viernes contaron adem\u00e1s con apoyo de efectivos de las comisar\u00edas Primera y Segunda local, GAD, Patrulla Rural y Polic\u00eda Local.<\/p>\n","protected":false},"excerpt":{"rendered":"<p>Este viernes se concretaron tres procedimientos en domicilios de Olavarr\u00eda. Los resultados fueron positivos. Se investigan robos registrados desde enero<\/p>\n","protected":false},"author":4,"featured_media":16015,"comment_status":"closed","ping_status":"closed","sticky":false,"template":"","format":"standard","meta":{"_jetpack_memberships_contains_paid_content":false,"footnotes":""},"categories":[14,1],"tags":[],"class_list":["post-16014","post","type-post","status-publish","format-standard","has-post-thumbnail","hentry","category-policiales","category-portada"],"jetpack_featured_media_url":"https:\/\/i0.wp.com\/cdnoticias.com\/wp-content\/uploads\/2021\/03\/allanamientoDDI.jpg?fit=800%2C444&ssl=1","jetpack_sharing_enabled":true,"_links":{"self":[{"href":"https:\/\/cdnoticias.com\/index.php\/wp-json\/wp\/v2\/posts\/16014","targetHints":{"allow":["GET"]}}],"collection":[{"href":"https:\/\/cdnoticias.com\/index.php\/wp-json\/wp\/v2\/posts"}],"about":[{"href":"https:\/\/cdnoticias.com\/index.php\/wp-json\/wp\/v2\/types\/post"}],"author":[{"embeddable":true,"href":"https:\/\/cdnoticias.com\/index.php\/wp-json\/wp\/v2\/users\/4"}],"replies":[{"embeddable":true,"href":"https:\/\/cdnoticias.com\/index.php\/wp-json\/wp\/v2\/comments?post=16014"}],"version-history":[{"count":0,"href":"https:\/\/cdnoticias.com\/index.php\/wp-json\/wp\/v2\/posts\/16014\/revisions"}],"wp:featuredmedia":[{"embeddable":true,"href":"https:\/\/cdnoticias.com\/index.php\/wp-json\/wp\/v2\/media\/16015"}],"wp:attachment":[{"href":"https:\/\/cdnoticias.com\/index.php\/wp-json\/wp\/v2\/media?parent=16014"}],"wp:term":[{"taxonomy":"category","embeddable":true,"href":"https:\/\/cdnoticias.com\/index.php\/wp-json\/wp\/v2\/categories?post=16014"},{"taxonomy":"post_tag","embeddable":true,"href":"https:\/\/cdnoticias.com\/index.php\/wp-json\/wp\/v2\/tags?post=16014"}],"curies":[{"name":"wp","href":"https:\/\/api.w.org\/{rel}","templated":true}]}}