{"id":16003,"date":"2021-03-12T13:00:33","date_gmt":"2021-03-12T16:00:33","guid":{"rendered":"http:\/\/www.centraldenoticias.com.ar\/?p=16003"},"modified":"2021-03-12T13:00:33","modified_gmt":"2021-03-12T16:00:33","slug":"olimpia-america-bocchio-viuda-de-vaccaro-lita-q-e-p-d","status":"publish","type":"post","link":"https:\/\/cdnoticias.com\/index.php\/2021\/03\/12\/olimpia-america-bocchio-viuda-de-vaccaro-lita-q-e-p-d\/","title":{"rendered":"Olimpia Am\u00e9rica Bocchio viuda de Vaccaro \u201cLita\u201d (Q.E.P.D.)"},"content":{"rendered":"<p>Falleci\u00f3 en Olavarr\u00eda el d\u00eda 12 de marzo de 2021 a los 96 a\u00f1os de edad.<\/p>\n<p>Sus hijos Carlos y Lucia Vaccaro. Sus nietos Carlos, Leandro, Mart\u00edn y Nicol\u00e1s. Sus nietas pol\u00edticas y dem\u00e1s deudos participan su fallecimiento.<\/p>\n<p>Sin velatorio. Sin responso. Inhumaci\u00f3n: Cementerio de Sierras Bayas, viernes 12 de marzo a las 12 horas. Servicio adherido a Coopelectric.<\/p>\n<p>Vecina de Sierras Bayas.<\/p>\n<p>Nacida en Azul.<\/p>\n<p>Jubilada y pensionada.<\/p>\n","protected":false},"excerpt":{"rendered":"<p>Falleci\u00f3 en Olavarr\u00eda el d\u00eda 12 de marzo de 2021 a los 96 a\u00f1os de edad. Sus hijos Carlos y<\/p>\n","protected":false},"author":4,"featured_media":0,"comment_status":"closed","ping_status":"closed","sticky":false,"template":"","format":"standard","meta":{"_jetpack_memberships_contains_paid_content":false,"footnotes":""},"categories":[10],"tags":[],"class_list":["post-16003","post","type-post","status-publish","format-standard","hentry","category-necrologicas"],"jetpack_featured_media_url":"","jetpack_sharing_enabled":true,"_links":{"self":[{"href":"https:\/\/cdnoticias.com\/index.php\/wp-json\/wp\/v2\/posts\/16003","targetHints":{"allow":["GET"]}}],"collection":[{"href":"https:\/\/cdnoticias.com\/index.php\/wp-json\/wp\/v2\/posts"}],"about":[{"href":"https:\/\/cdnoticias.com\/index.php\/wp-json\/wp\/v2\/types\/post"}],"author":[{"embeddable":true,"href":"https:\/\/cdnoticias.com\/index.php\/wp-json\/wp\/v2\/users\/4"}],"replies":[{"embeddable":true,"href":"https:\/\/cdnoticias.com\/index.php\/wp-json\/wp\/v2\/comments?post=16003"}],"version-history":[{"count":0,"href":"https:\/\/cdnoticias.com\/index.php\/wp-json\/wp\/v2\/posts\/16003\/revisions"}],"wp:attachment":[{"href":"https:\/\/cdnoticias.com\/index.php\/wp-json\/wp\/v2\/media?parent=16003"}],"wp:term":[{"taxonomy":"category","embeddable":true,"href":"https:\/\/cdnoticias.com\/index.php\/wp-json\/wp\/v2\/categories?post=16003"},{"taxonomy":"post_tag","embeddable":true,"href":"https:\/\/cdnoticias.com\/index.php\/wp-json\/wp\/v2\/tags?post=16003"}],"curies":[{"name":"wp","href":"https:\/\/api.w.org\/{rel}","templated":true}]}}