{"id":1599,"date":"2020-09-15T15:42:58","date_gmt":"2020-09-15T18:42:58","guid":{"rendered":"http:\/\/www.centraldenoticias.com.ar\/?p=1599"},"modified":"2020-09-15T15:43:39","modified_gmt":"2020-09-15T18:43:39","slug":"nueva-linea-de-comunicacion-de-la-direccion-de-politicas-de-genero","status":"publish","type":"post","link":"https:\/\/cdnoticias.com\/index.php\/2020\/09\/15\/nueva-linea-de-comunicacion-de-la-direccion-de-politicas-de-genero\/","title":{"rendered":"Nueva l\u00ednea de comunicaci\u00f3n de la Direcci\u00f3n de Pol\u00edticas de G\u00e9nero"},"content":{"rendered":"<p>Se trata de un n\u00famero de urgencias en el cual tambi\u00e9n se podr\u00e1n realizar consultas a trav\u00e9s de WhatsApp, v\u00eda que quedar\u00e1 abierta fuera del horario de atenci\u00f3n en oficina.<\/p>\n<hr \/>\n<p>En las \u00faltimas horas desde la Direcci\u00f3n de Pol\u00edticas de G\u00e9nero municipal se comunic\u00f3 la puesta en funcionamiento de una nueva l\u00ednea de comunicaci\u00f3n, que <strong>estar\u00e1 disponible para emergencias y consultas inclusive por fuera del horario de atenci\u00f3n en oficina.<\/strong><\/p>\n<p>&nbsp;<\/p>\n<p>En la comunicaci\u00f3n emitida desde el Ejecutivo local se precis\u00f3 que el cambio se debe a la caducidad de la l\u00ednea anterior. <strong>La nueva v\u00eda de\u00a0 comunicaci\u00f3n es (02284)15583337, que cubre la demanda por fuera del horario de atenci\u00f3n de la oficina (8 a 14 horas).<\/strong><\/p>\n<p>&nbsp;<\/p>\n<p>Se a\u00f1adi\u00f3 que <strong>en este n\u00famero se brinda contenci\u00f3n y asesoramiento sobre violencia de g\u00e9nero para actuar en la urgencia y activar los dispositivos necesarios para proteger a la persona que demanda la intervenci\u00f3n inmediata o escucha<\/strong>. Ya sea por medio de llamada o por intercambio de mensajes -sistema tradicional de SMS o aplicaci\u00f3n Whatsapp-, las personas que est\u00e9n atravesando violencia de g\u00e9nero pueden hacer consultas, y se las orientar\u00e1 sobre los pasos a seguir de acuerdo a la situaci\u00f3n que le relate al equipo de profesionales que est\u00e1n del otro lado de la l\u00ednea.<\/p>\n<p>&nbsp;<\/p>\n<p><strong>\u201cEs importante que las personas agenden este n\u00famero, que lo repliquen y lo compartan, a veces la \u00fanica manera de pedir ayuda es con un mensaje y contar con este recurso es muy importante<\/strong>, porque al atender el tel\u00e9fono, profesional capacitado podr\u00e1 intervenir en la urgencia o asesorar sobre posibles intervenciones\u201d, se\u00f1al\u00f3 la directora de Pol\u00edticas de G\u00e9nero, Florencia Ju\u00e1rez.<\/p>\n<p>&nbsp;<\/p>\n","protected":false},"excerpt":{"rendered":"<p>Se trata de un n\u00famero de urgencias en el cual tambi\u00e9n se podr\u00e1n realizar consultas a trav\u00e9s de WhatsApp, v\u00eda<\/p>\n","protected":false},"author":3,"featured_media":1601,"comment_status":"closed","ping_status":"closed","sticky":false,"template":"","format":"standard","meta":{"_jetpack_memberships_contains_paid_content":false,"footnotes":""},"categories":[3,1],"tags":[],"class_list":["post-1599","post","type-post","status-publish","format-standard","has-post-thumbnail","hentry","category-genero","category-portada"],"jetpack_featured_media_url":"https:\/\/i0.wp.com\/cdnoticias.com\/wp-content\/uploads\/2020\/09\/POL%C3%8DTICAS-DE-G%C3%89NERO-1024x932-e1600195349790.jpg?fit=1024%2C611&ssl=1","jetpack_sharing_enabled":true,"_links":{"self":[{"href":"https:\/\/cdnoticias.com\/index.php\/wp-json\/wp\/v2\/posts\/1599","targetHints":{"allow":["GET"]}}],"collection":[{"href":"https:\/\/cdnoticias.com\/index.php\/wp-json\/wp\/v2\/posts"}],"about":[{"href":"https:\/\/cdnoticias.com\/index.php\/wp-json\/wp\/v2\/types\/post"}],"author":[{"embeddable":true,"href":"https:\/\/cdnoticias.com\/index.php\/wp-json\/wp\/v2\/users\/3"}],"replies":[{"embeddable":true,"href":"https:\/\/cdnoticias.com\/index.php\/wp-json\/wp\/v2\/comments?post=1599"}],"version-history":[{"count":0,"href":"https:\/\/cdnoticias.com\/index.php\/wp-json\/wp\/v2\/posts\/1599\/revisions"}],"wp:featuredmedia":[{"embeddable":true,"href":"https:\/\/cdnoticias.com\/index.php\/wp-json\/wp\/v2\/media\/1601"}],"wp:attachment":[{"href":"https:\/\/cdnoticias.com\/index.php\/wp-json\/wp\/v2\/media?parent=1599"}],"wp:term":[{"taxonomy":"category","embeddable":true,"href":"https:\/\/cdnoticias.com\/index.php\/wp-json\/wp\/v2\/categories?post=1599"},{"taxonomy":"post_tag","embeddable":true,"href":"https:\/\/cdnoticias.com\/index.php\/wp-json\/wp\/v2\/tags?post=1599"}],"curies":[{"name":"wp","href":"https:\/\/api.w.org\/{rel}","templated":true}]}}