{"id":1598,"date":"2020-09-15T15:41:06","date_gmt":"2020-09-15T18:41:06","guid":{"rendered":"http:\/\/www.centraldenoticias.com.ar\/?p=1598"},"modified":"2020-09-15T15:41:06","modified_gmt":"2020-09-15T18:41:06","slug":"analizan-la-creacion-del-fondo-lara-para-obras-e-inversion-publica","status":"publish","type":"post","link":"https:\/\/cdnoticias.com\/index.php\/2020\/09\/15\/analizan-la-creacion-del-fondo-lara-para-obras-e-inversion-publica\/","title":{"rendered":"Analizan la creaci\u00f3n del \u201cFondo Lara\u201d para obras e inversi\u00f3n p\u00fablica"},"content":{"rendered":"<p>&nbsp;<\/p>\n<p>El Proyecto se encuentra en la Comisi\u00f3n de Legislaci\u00f3n del Concejo Deliberante. Uno de los autores de la iniciativa, Eduardo Rodr\u00edguez, se\u00f1al\u00f3 que <em>\u201cser\u00eda importante avanzar en alcanzar un consenso pol\u00edtico para afectar los ingresos por el Derecho de Explotaci\u00f3n de Canteras a inversi\u00f3n p\u00fablica\u201d.<\/em><!--more--><\/p>\n<hr \/>\n<p>La <strong>Comisi\u00f3n de Legislaci\u00f3n del Concejo Deliberante<\/strong> analiza el proyecto de creaci\u00f3n del <strong>\u201cFondo Lara\u201d<\/strong> con afectaci\u00f3n del denominado \u201cImpuesto a la Piedra\u201d para inversi\u00f3n p\u00fablica. La iniciativa fue presentada en el a\u00f1o 2018.<\/p>\n<p>&nbsp;<\/p>\n<p>Uno de los autores del Proyecto, <strong>el concejal del Foro Olavarr\u00eda Eduardo Rodr\u00edguez explic\u00f3 que el expediente 064\/18 fue incluido en el orden del d\u00eda para la reuni\u00f3n de la Comisi\u00f3n de Legislaci\u00f3n realizada el pasado martes<\/strong>, oportunidad en la que los concejales de Juntos por el Cambio solicitaron que el expediente se mantenga en Comisi\u00f3n a fin de presentar su despacho.<\/p>\n<p>&nbsp;<\/p>\n<p>Al respecto, el concejal Eduardo Rodr\u00edguez se\u00f1al\u00f3 que, <em>\u201ca pesar de la situaci\u00f3n extraordinaria que se plantea en t\u00e9rminos presupuestarios y de recursos debido a la pandemia, ser\u00eda importante avanzar en alcanzar un <strong>consenso pol\u00edtico<\/strong> para afectar los ingresos por el Derecho de Explotaci\u00f3n de Canteras a inversi\u00f3n p\u00fablica\u201d.<\/em><\/p>\n<p>&nbsp;<\/p>\n<p>El Proyecto de creaci\u00f3n del denominado \u201cFondo Lara\u201d -fondo afectado para Infraestructura p\u00fablica y aparatolog\u00eda de Salud P\u00fablica en el Partido de Olavarr\u00eda-, <strong>fue presentado en abril de 2018 con el fin de solventar la realizaci\u00f3n de las inversiones en Infraestructura y Salud P\u00fablica con recursos propios del Municipio.<\/strong><\/p>\n<p>&nbsp;<\/p>\n<p>La propuesta <em>\u201cbusca afectar un recurso extraordinario como el Derecho de Explotaci\u00f3n de Canteras (Impuesto a la Piedra) proveniente de recursos no renovables <strong>para la inversi\u00f3n p\u00fablica y no para financiar gastos corrientes<\/strong>\u201d.<\/em><\/p>\n<p>&nbsp;<\/p>\n<p>El proyecto original planteaba la afectaci\u00f3n del 100 % del Derecho de Explotaci\u00f3n de Canteras a partir del a\u00f1o siguiente, aunque luego del tratamiento del proyecto en la Comisi\u00f3n de Hacienda del HCD, el concejal Rodr\u00edguez present\u00f3 una propuesta de modificaci\u00f3n para que <strong>la afectaci\u00f3n de los recursos sea gradual y progresiva.<\/strong><\/p>\n<p>&nbsp;<\/p>\n<p>De acuerdo a la modificaci\u00f3n, el \u201cFondo Lara\u201d se constituir\u00eda en cada per\u00edodo fiscal con un porcentaje del Derecho de Explotaci\u00f3n de Canteras percibido en el mismo ejercicio, de acuerdo a la siguiente progresi\u00f3n de afectaci\u00f3n: <strong>25% en el 2019; 50% en el 2020, 75% en el 2021 y 100% en el 2022 y en adelante<\/strong>.<\/p>\n<p>&nbsp;<\/p>\n<p>Para el Concejal Eduardo Rodr\u00edguez es importante que <em>&#8220;los recursos del Impuesto a la Piedra se vuelquen a<strong> obras en las localidades y la ciudad<\/strong> y que el Municipio pueda recuperar no solo el equilibrio fiscal sino tambi\u00e9n la capacidad de inversi\u00f3n genuina con recursos propios&#8221;.<\/em><\/p>\n","protected":false},"excerpt":{"rendered":"<p>&nbsp; El Proyecto se encuentra en la Comisi\u00f3n de Legislaci\u00f3n del Concejo Deliberante. Uno de los autores de la iniciativa,<\/p>\n","protected":false},"author":5,"featured_media":351,"comment_status":"closed","ping_status":"closed","sticky":false,"template":"","format":"standard","meta":{"_jetpack_memberships_contains_paid_content":false,"footnotes":""},"categories":[5,1],"tags":[],"class_list":["post-1598","post","type-post","status-publish","format-standard","has-post-thumbnail","hentry","category-informacion-general","category-portada"],"jetpack_featured_media_url":"https:\/\/i0.wp.com\/cdnoticias.com\/wp-content\/uploads\/2020\/08\/EduardoRodriguez.jpg?fit=800%2C504&ssl=1","jetpack_sharing_enabled":true,"_links":{"self":[{"href":"https:\/\/cdnoticias.com\/index.php\/wp-json\/wp\/v2\/posts\/1598","targetHints":{"allow":["GET"]}}],"collection":[{"href":"https:\/\/cdnoticias.com\/index.php\/wp-json\/wp\/v2\/posts"}],"about":[{"href":"https:\/\/cdnoticias.com\/index.php\/wp-json\/wp\/v2\/types\/post"}],"author":[{"embeddable":true,"href":"https:\/\/cdnoticias.com\/index.php\/wp-json\/wp\/v2\/users\/5"}],"replies":[{"embeddable":true,"href":"https:\/\/cdnoticias.com\/index.php\/wp-json\/wp\/v2\/comments?post=1598"}],"version-history":[{"count":0,"href":"https:\/\/cdnoticias.com\/index.php\/wp-json\/wp\/v2\/posts\/1598\/revisions"}],"wp:featuredmedia":[{"embeddable":true,"href":"https:\/\/cdnoticias.com\/index.php\/wp-json\/wp\/v2\/media\/351"}],"wp:attachment":[{"href":"https:\/\/cdnoticias.com\/index.php\/wp-json\/wp\/v2\/media?parent=1598"}],"wp:term":[{"taxonomy":"category","embeddable":true,"href":"https:\/\/cdnoticias.com\/index.php\/wp-json\/wp\/v2\/categories?post=1598"},{"taxonomy":"post_tag","embeddable":true,"href":"https:\/\/cdnoticias.com\/index.php\/wp-json\/wp\/v2\/tags?post=1598"}],"curies":[{"name":"wp","href":"https:\/\/api.w.org\/{rel}","templated":true}]}}