{"id":15926,"date":"2021-03-11T14:13:45","date_gmt":"2021-03-11T17:13:45","guid":{"rendered":"http:\/\/www.centraldenoticias.com.ar\/?p=15926"},"modified":"2021-03-11T14:13:45","modified_gmt":"2021-03-11T17:13:45","slug":"es-una-respuesta-agil-inmediata-integral-y-cercana","status":"publish","type":"post","link":"https:\/\/cdnoticias.com\/index.php\/2021\/03\/11\/es-una-respuesta-agil-inmediata-integral-y-cercana\/","title":{"rendered":"\u201cEs una respuesta \u00e1gil, inmediata, integral y cercana\u201d"},"content":{"rendered":"<p>El titular de Anses en Olavarr\u00eda, Maximiliano Wesner, dio cuenta de lo que ser\u00e1 \u201cEl Estado cerca tuyo\u201d que se desarrollar\u00e1 este s\u00e1bado en Sierras Bayas. Las consultas, las necesidades y la b\u00fasqueda de cercan\u00eda con los vecinos.<!--more--><\/p>\n<hr \/>\n<p>En la previa de lo que ser\u00e1<strong> la llegada de \u201cEl Estado cerca tuyo\u201d a la localidad de Sierras Bayas<\/strong>, el titular de la UDAI de<strong> Anses Olavarr\u00eda, Maximiliano Wesner, dialog\u00f3 con el equipo de \u201cYa Fue\u201d programa radial que se emite por FM 99.9<\/strong> para explicar algunos puntos y la gran demanda que tienen este tipo de actividades.<\/p>\n<p>&nbsp;<\/p>\n<p>En primera instancia, solicit\u00f3 a los vecinos acudir con<strong><em> \u201cbarbijo y el distanciamiento social correspondiente. Vamos a tomar todos los recaudos y de esta forma poder resolver diferentes cuestiones\u201d.<\/em><\/strong><\/p>\n<p>&nbsp;<\/p>\n<p><img data-recalc-dims=\"1\" loading=\"lazy\" decoding=\"async\" class=\"alignnone size-full wp-image-14298\" src=\"https:\/\/i0.wp.com\/cdnoticias.com\/wp-content\/uploads\/2021\/02\/estado-cerca-tuyo6.jpg?resize=800%2C581&#038;ssl=1\" alt=\"\" width=\"800\" height=\"581\" srcset=\"https:\/\/i0.wp.com\/cdnoticias.com\/wp-content\/uploads\/2021\/02\/estado-cerca-tuyo6.jpg?w=4032&amp;ssl=1 4032w, https:\/\/i0.wp.com\/cdnoticias.com\/wp-content\/uploads\/2021\/02\/estado-cerca-tuyo6.jpg?resize=300%2C218&amp;ssl=1 300w, https:\/\/i0.wp.com\/cdnoticias.com\/wp-content\/uploads\/2021\/02\/estado-cerca-tuyo6.jpg?resize=768%2C558&amp;ssl=1 768w, https:\/\/i0.wp.com\/cdnoticias.com\/wp-content\/uploads\/2021\/02\/estado-cerca-tuyo6.jpg?resize=1024%2C744&amp;ssl=1 1024w, https:\/\/i0.wp.com\/cdnoticias.com\/wp-content\/uploads\/2021\/02\/estado-cerca-tuyo6.jpg?w=1600&amp;ssl=1 1600w, https:\/\/i0.wp.com\/cdnoticias.com\/wp-content\/uploads\/2021\/02\/estado-cerca-tuyo6.jpg?w=2400&amp;ssl=1 2400w\" sizes=\"auto, (max-width: 800px) 100vw, 800px\" \/><\/p>\n<p>&nbsp;<\/p>\n<p>Ejemplific\u00f3 que aquellas personas<em> \u201cque van a consultar un tr\u00e1mite de Asignaci\u00f3n Universal por Hijo se lo resolvemos nosotros desde ANSES, en el \u201cGacebo\u201d, lo mismo si quiere hacer una consulta en el stand de PAMI o el Ministerio de Trabajo, porque tiene alg\u00fan problema de relaci\u00f3n laboral o lo que fuera\u201d.<\/em><\/p>\n<p>&nbsp;<\/p>\n<p>A su vez, evalu\u00f3 esta actividad interministerial y dijo que es<strong><em> \u201cuna respuesta \u00e1gil, inmediata, integral y cercana. M\u00e1s que nada porque en el a\u00f1o que pas\u00f3 se dificult\u00f3 mucho por el tema sanitario\u201d<\/em><\/strong>. Justamente, la pandemia hizo que \u201clos organismos que atienden la mayor\u00eda en el centro de la ciudad fueron con protocolos, m\u00e1s pausado, distanciado\u201d.<\/p>\n<p>&nbsp;<\/p>\n<p><img data-recalc-dims=\"1\" loading=\"lazy\" decoding=\"async\" class=\"alignnone size-full wp-image-14296\" src=\"https:\/\/i0.wp.com\/cdnoticias.com\/wp-content\/uploads\/2021\/02\/estado-cerca-tuyo5.jpg?resize=800%2C533&#038;ssl=1\" alt=\"\" width=\"800\" height=\"533\" srcset=\"https:\/\/i0.wp.com\/cdnoticias.com\/wp-content\/uploads\/2021\/02\/estado-cerca-tuyo5.jpg?w=4608&amp;ssl=1 4608w, https:\/\/i0.wp.com\/cdnoticias.com\/wp-content\/uploads\/2021\/02\/estado-cerca-tuyo5.jpg?resize=300%2C200&amp;ssl=1 300w, https:\/\/i0.wp.com\/cdnoticias.com\/wp-content\/uploads\/2021\/02\/estado-cerca-tuyo5.jpg?resize=768%2C512&amp;ssl=1 768w, https:\/\/i0.wp.com\/cdnoticias.com\/wp-content\/uploads\/2021\/02\/estado-cerca-tuyo5.jpg?resize=1024%2C683&amp;ssl=1 1024w, https:\/\/i0.wp.com\/cdnoticias.com\/wp-content\/uploads\/2021\/02\/estado-cerca-tuyo5.jpg?resize=272%2C182&amp;ssl=1 272w, https:\/\/i0.wp.com\/cdnoticias.com\/wp-content\/uploads\/2021\/02\/estado-cerca-tuyo5.jpg?w=1600&amp;ssl=1 1600w, https:\/\/i0.wp.com\/cdnoticias.com\/wp-content\/uploads\/2021\/02\/estado-cerca-tuyo5.jpg?w=2400&amp;ssl=1 2400w\" sizes=\"auto, (max-width: 800px) 100vw, 800px\" \/><\/p>\n<p>&nbsp;<\/p>\n<blockquote><p>\u201cAhora haci\u00e9ndolo al aire libre, un s\u00e1bado a la ma\u00f1ana, donde las personas disponen de m\u00e1s tiempo, es una respuesta que venimos a dar de c\u00f3mo tomamos la gesti\u00f3n nosotros. Estamos para atender y debernos a la gente\u201d.<\/p><\/blockquote>\n<p>&nbsp;<\/p>\n<p>Metido de lleno en el organismo que encabeza, <strong>Wesner valor\u00f3 el sistema de atenci\u00f3n virtual implementado por ANSES<\/strong><em> \u201ccomplementario al sistema de turnos, muy \u00e1gil y presente. Casualmente ayer entregamos resoluciones de expedientes jubilatorios, hicimos un peque\u00f1o acto en la Sociedad de Fomento Mariano Moreno, y el testimonio de una de las personas nos dec\u00eda que<strong> inici\u00f3 el tr\u00e1mite el expediente jubilatorio de manera virtual hace 60 d\u00edas. Y hoy est\u00e1 percibiendo la liquidaci\u00f3n, que se efectivizar\u00e1 en 10 d\u00edas. Pens\u00f3 que nunca pod\u00eda pasar eso en Argentina\u201d<\/strong> reflexion\u00f3.<\/em><\/p>\n<p>&nbsp;<\/p>\n<p>Para cerrar, insisti\u00f3 en que <strong>la atenci\u00f3n de al menos una decena de organismos de gobierno \u2013entre ellos ANSES y CDR, por citar dos ejemplos- ser\u00e1 en la plaza central de la localidad serrana de 9 a 13 horas.<\/strong><\/p>\n","protected":false},"excerpt":{"rendered":"<p>El titular de Anses en Olavarr\u00eda, Maximiliano Wesner, dio cuenta de lo que ser\u00e1 \u201cEl Estado cerca tuyo\u201d que se<\/p>\n","protected":false},"author":2,"featured_media":14284,"comment_status":"closed","ping_status":"closed","sticky":false,"template":"","format":"standard","meta":{"_jetpack_memberships_contains_paid_content":false,"footnotes":""},"categories":[5,1],"tags":[],"class_list":["post-15926","post","type-post","status-publish","format-standard","has-post-thumbnail","hentry","category-informacion-general","category-portada"],"jetpack_featured_media_url":"https:\/\/i0.wp.com\/cdnoticias.com\/wp-content\/uploads\/2021\/02\/wesner.jpg?fit=4608%2C3072&ssl=1","jetpack_sharing_enabled":true,"_links":{"self":[{"href":"https:\/\/cdnoticias.com\/index.php\/wp-json\/wp\/v2\/posts\/15926","targetHints":{"allow":["GET"]}}],"collection":[{"href":"https:\/\/cdnoticias.com\/index.php\/wp-json\/wp\/v2\/posts"}],"about":[{"href":"https:\/\/cdnoticias.com\/index.php\/wp-json\/wp\/v2\/types\/post"}],"author":[{"embeddable":true,"href":"https:\/\/cdnoticias.com\/index.php\/wp-json\/wp\/v2\/users\/2"}],"replies":[{"embeddable":true,"href":"https:\/\/cdnoticias.com\/index.php\/wp-json\/wp\/v2\/comments?post=15926"}],"version-history":[{"count":0,"href":"https:\/\/cdnoticias.com\/index.php\/wp-json\/wp\/v2\/posts\/15926\/revisions"}],"wp:featuredmedia":[{"embeddable":true,"href":"https:\/\/cdnoticias.com\/index.php\/wp-json\/wp\/v2\/media\/14284"}],"wp:attachment":[{"href":"https:\/\/cdnoticias.com\/index.php\/wp-json\/wp\/v2\/media?parent=15926"}],"wp:term":[{"taxonomy":"category","embeddable":true,"href":"https:\/\/cdnoticias.com\/index.php\/wp-json\/wp\/v2\/categories?post=15926"},{"taxonomy":"post_tag","embeddable":true,"href":"https:\/\/cdnoticias.com\/index.php\/wp-json\/wp\/v2\/tags?post=15926"}],"curies":[{"name":"wp","href":"https:\/\/api.w.org\/{rel}","templated":true}]}}