{"id":1592,"date":"2020-09-15T13:05:59","date_gmt":"2020-09-15T16:05:59","guid":{"rendered":"http:\/\/www.centraldenoticias.com.ar\/?p=1592"},"modified":"2020-09-15T13:05:59","modified_gmt":"2020-09-15T16:05:59","slug":"tarifas-de-gas-galli-solicito-la-recategorizacion-de-olavarria-en-zona-fria","status":"publish","type":"post","link":"https:\/\/cdnoticias.com\/index.php\/2020\/09\/15\/tarifas-de-gas-galli-solicito-la-recategorizacion-de-olavarria-en-zona-fria\/","title":{"rendered":"Tarifas de gas: Galli solicit\u00f3 la recategorizaci\u00f3n de Olavarr\u00eda en zona fr\u00eda"},"content":{"rendered":"<p>Se dio a conocer este martes que el pedido se present\u00f3 la semana pasada ante el Enargas. \u201cLos usuarios de Olavarr\u00eda estamos en igualdad de condiciones climatol\u00f3gicas con la zona patag\u00f3nica\u201d se sostuvo.<!--more--><\/p>\n<hr \/>\n<p>El intendente municipal Ezequiel Galli realiz\u00f3 una presentaci\u00f3n el pasado mi\u00e9rcoles 9 de septiembre ante el Ente Nacional Regulador del Gas (Enargas) para que se realice<strong> una nueva categorizaci\u00f3n tarifaria<\/strong> para todos los habitantes del Partido en raz\u00f3n del particular clima que posee la regi\u00f3n.<\/p>\n<p>La novedad se dio a conocer este martes. \u201cEn 2017, por gestiones del Gobierno Municipal, la ciudad, a trav\u00e9s de la Resoluci\u00f3n 4343\/2017 del Enargas, Olavarr\u00eda fue incorporada a la `Subzona Buenos Aires\u00b4 ampli\u00e1ndose los umbrales de consumo\u201d se indic\u00f3 oficialmente.<\/p>\n<blockquote><p>A su vez, se se\u00f1al\u00f3 que \u201cdesde la Direcci\u00f3n de Defensa al Consumidor explicaron que la misma no refleja la realidad climatol\u00f3gica de Olavarr\u00eda en virtud de crear una zona de gran extensi\u00f3n con disimilitudes en cuanto a las caracter\u00edsticas propias de cada regi\u00f3n, asimil\u00e1ndonos a zonas que tienen temperaturas m\u00ednimas medias superiores a las de Olavarr\u00eda\u201d.<\/p><\/blockquote>\n<p>En este sentido, la presentaci\u00f3n indica que \u201ca modo de ejemplo, y para comparar la dureza del clima respecto a ciudades subsidiadas, tomamos la ciudad de Viedma, advirtiendo que en dicha localidad se est\u00e1 otorgando beneficios, con temperaturas m\u00ednimas promedio de 12\u00b0 C, o sea que estamos en igual situaci\u00f3n y con una tarifa muy superior\u201d.<\/p>\n<p>Seg\u00fan la Municipalidad, \u201cde los datos aportados se desprende que los usuarios de Olavarr\u00eda <strong>estamos en igualdad de condiciones climatol\u00f3gicas con la zona patag\u00f3nica<\/strong>, sometidos a las mismas temperaturas m\u00ednimas promedio y a padecer los mismos riesgos en la salud\u201d.<\/p>\n<p>A fin de ilustrar la desigualdad denunciada se tom\u00f3 \u201cla tarifa por metro c\u00fabico de gas consumido, mientras que en la localidad de Carmen de Patagones se abona una tarifa en categor\u00eda Residencial 3.3 (con umbrales de consumo entre 4101 \u2013 4900) de 3,81 pesos por metro c\u00fabico, mientras que <strong>en Olavarr\u00eda un usuario Residencial 3.3 (con umbrales de consumo 1800\u20132200) se abona la suma de 10,39 pesos el metro c\u00fabico<\/strong>, tal como se desprende de las tarifas vigentes publicadas por Camuzzi Gas Pampeana\u201d.<\/p>\n<p>Cabe se\u00f1alar que el Enargas ya analiza el pedido impulsado desde junio a trav\u00e9s del \u00e1rea de Defensa del Consumidor local en conjunto con varias ciudades bonaerenses, como Azul, General Madariaga, Pinamar, General Alvarado, Tandil, Villa Gesell, General Pueyrred\u00f3n y Olavarr\u00eda. En este sentido, el Concejo Deliberante aprob\u00f3 una resoluci\u00f3n en apoyo a dicha demanda que tambi\u00e9n se envi\u00f3 al organismo de control del servicio.<\/p>\n","protected":false},"excerpt":{"rendered":"<p>Se dio a conocer este martes que el pedido se present\u00f3 la semana pasada ante el Enargas. \u201cLos usuarios de<\/p>\n","protected":false},"author":4,"featured_media":1593,"comment_status":"closed","ping_status":"closed","sticky":false,"template":"","format":"standard","meta":{"_jetpack_memberships_contains_paid_content":false,"footnotes":""},"categories":[5,1],"tags":[],"class_list":["post-1592","post","type-post","status-publish","format-standard","has-post-thumbnail","hentry","category-informacion-general","category-portada"],"jetpack_featured_media_url":"https:\/\/i0.wp.com\/cdnoticias.com\/wp-content\/uploads\/2020\/09\/gas10.jpg?fit=768%2C461&ssl=1","jetpack_sharing_enabled":true,"_links":{"self":[{"href":"https:\/\/cdnoticias.com\/index.php\/wp-json\/wp\/v2\/posts\/1592","targetHints":{"allow":["GET"]}}],"collection":[{"href":"https:\/\/cdnoticias.com\/index.php\/wp-json\/wp\/v2\/posts"}],"about":[{"href":"https:\/\/cdnoticias.com\/index.php\/wp-json\/wp\/v2\/types\/post"}],"author":[{"embeddable":true,"href":"https:\/\/cdnoticias.com\/index.php\/wp-json\/wp\/v2\/users\/4"}],"replies":[{"embeddable":true,"href":"https:\/\/cdnoticias.com\/index.php\/wp-json\/wp\/v2\/comments?post=1592"}],"version-history":[{"count":0,"href":"https:\/\/cdnoticias.com\/index.php\/wp-json\/wp\/v2\/posts\/1592\/revisions"}],"wp:featuredmedia":[{"embeddable":true,"href":"https:\/\/cdnoticias.com\/index.php\/wp-json\/wp\/v2\/media\/1593"}],"wp:attachment":[{"href":"https:\/\/cdnoticias.com\/index.php\/wp-json\/wp\/v2\/media?parent=1592"}],"wp:term":[{"taxonomy":"category","embeddable":true,"href":"https:\/\/cdnoticias.com\/index.php\/wp-json\/wp\/v2\/categories?post=1592"},{"taxonomy":"post_tag","embeddable":true,"href":"https:\/\/cdnoticias.com\/index.php\/wp-json\/wp\/v2\/tags?post=1592"}],"curies":[{"name":"wp","href":"https:\/\/api.w.org\/{rel}","templated":true}]}}