{"id":15918,"date":"2021-03-11T13:48:05","date_gmt":"2021-03-11T16:48:05","guid":{"rendered":"http:\/\/www.centraldenoticias.com.ar\/?p=15918"},"modified":"2021-03-11T15:26:21","modified_gmt":"2021-03-11T18:26:21","slug":"factura-de-agua-se-aprobo-la-solicitud-a-coopelectric-para-quitar-las-contribuciones","status":"publish","type":"post","link":"https:\/\/cdnoticias.com\/index.php\/2021\/03\/11\/factura-de-agua-se-aprobo-la-solicitud-a-coopelectric-para-quitar-las-contribuciones\/","title":{"rendered":"Factura de agua: se aprob\u00f3 la solicitud a Coopelectric para quitar las contribuciones"},"content":{"rendered":"<p>Fue en la sesi\u00f3n de este jueves. El interbloque Frente de Todos consider\u00f3 que la cooperativa incumple con la ordenanza 4604\/20 que habilit\u00f3 la suba tarifaria. Juntos por el Cambio vot\u00f3 en contra.<!--more--><\/p>\n<hr \/>\n<p>En la <a href=\"https:\/\/cdnoticias.com\/index.php\/2021\/03\/11\/el-hcd-entrego-los-premios-dina-pontoni-y-florentina-gomez-miranda\/\" target=\"_blank\" rel=\"noopener\">sesi\u00f3n de este jueves<\/a>, <strong>se aprob\u00f3 un pedido para que se retiren los cargos por contribuciones agregados en las facturas de agua y cloacas<\/strong> tal como se estableci\u00f3 en la ordenanza 4604\/20. <strong>Juntos por el Cambio rechaz\u00f3 este pedido<\/strong> impulsado por el Frente de Todos.<\/p>\n<p>&nbsp;<\/p>\n<p>En ese marco, desde <strong>Radicales en Juntos por el Cambio, se insisti\u00f3 con la reapertura de la comisi\u00f3n especial del agua <\/strong>en el \u00e1mbito del Legislativo.<\/p>\n<p>&nbsp;<\/p>\n<p>El <strong>interbloque Frente de Todos a trav\u00e9s de Ubaldo Garc\u00eda<\/strong> present\u00f3 un proyecto para <strong>\u201csolicitar el cumplimiento efectivo de la ordenanza sancionada en diciembre del 2020\u201d<\/strong> donde se fij\u00f3 la eliminaci\u00f3n de los <strong>conceptos \u201cContribuci\u00f3n Accionaria\u201d, \u201cContribuci\u00f3n Accionaria Transitoria\u201d y \u201cContribuci\u00f3n Renovaci\u00f3n Medidor\u201d<\/strong> de la factura de agua. <strong>Si bien el proyecto fue aprobado, no cont\u00f3 con el apoyo de Juntos por el Cambio<\/strong>.<\/p>\n<p><img data-recalc-dims=\"1\" loading=\"lazy\" decoding=\"async\" class=\"aligncenter wp-image-15924 size-full\" src=\"https:\/\/i0.wp.com\/cdnoticias.com\/wp-content\/uploads\/2021\/03\/HCDsesion01.jpg?resize=800%2C445&#038;ssl=1\" alt=\"\" width=\"800\" height=\"445\" srcset=\"https:\/\/i0.wp.com\/cdnoticias.com\/wp-content\/uploads\/2021\/03\/HCDsesion01.jpg?w=800&amp;ssl=1 800w, https:\/\/i0.wp.com\/cdnoticias.com\/wp-content\/uploads\/2021\/03\/HCDsesion01.jpg?resize=300%2C167&amp;ssl=1 300w, https:\/\/i0.wp.com\/cdnoticias.com\/wp-content\/uploads\/2021\/03\/HCDsesion01.jpg?resize=768%2C427&amp;ssl=1 768w\" sizes=\"auto, (max-width: 800px) 100vw, 800px\" \/><\/p>\n<p>&nbsp;<\/p>\n<blockquote><p>Adem\u00e1s de solicitar la eliminaci\u00f3n de los cargos, se pidi\u00f3 \u201cla devoluci\u00f3n de los conceptos mal cobrados\u201d y que en cada factura se exponga el cuadro tarifario vigente.<\/p><\/blockquote>\n<p>&nbsp;<\/p>\n<p>La argumentaci\u00f3n del oficialismo fue expuesta por <strong>Nicol\u00e1s Marinangeli (JxC)<\/strong> quien indic\u00f3 que <strong>el \u201ccompromiso social\u201d de la eliminaci\u00f3n que asumi\u00f3 la cooperativa se concretar\u00e1 \u201ca partir de la aplicaci\u00f3n de la \u00faltimo cuadro tarifario\u201d<\/strong>, para apuntar -aunque no lo dijo expresamente- a que se dispuso el desdoblamiento del aumento y, por lo tanto, a\u00fan no rige en su totalidad.<\/p>\n<p>&nbsp;<\/p>\n<p>Sobre esta postura, <strong>Juan S\u00e1nchez (FdT)<\/strong> declar\u00f3: <strong>\u201cel argumento que Juntos por el Cambio tiene para rechazar el cumplimiento de la ordenanza es la decisi\u00f3n tomada por Coopelectric\u201d<\/strong>.<\/p>\n<p><img data-recalc-dims=\"1\" loading=\"lazy\" decoding=\"async\" class=\"aligncenter wp-image-15921 size-full\" src=\"https:\/\/i0.wp.com\/cdnoticias.com\/wp-content\/uploads\/2021\/03\/HCDsesion04.jpg?resize=800%2C445&#038;ssl=1\" alt=\"\" width=\"800\" height=\"445\" srcset=\"https:\/\/i0.wp.com\/cdnoticias.com\/wp-content\/uploads\/2021\/03\/HCDsesion04.jpg?w=800&amp;ssl=1 800w, https:\/\/i0.wp.com\/cdnoticias.com\/wp-content\/uploads\/2021\/03\/HCDsesion04.jpg?resize=300%2C167&amp;ssl=1 300w, https:\/\/i0.wp.com\/cdnoticias.com\/wp-content\/uploads\/2021\/03\/HCDsesion04.jpg?resize=768%2C427&amp;ssl=1 768w\" sizes=\"auto, (max-width: 800px) 100vw, 800px\" \/><\/p>\n<p>&nbsp;<\/p>\n<p>\u201cAsistimos una vez m\u00e1s a la confirmaci\u00f3n de cu\u00e1les son<strong> los poderes que est\u00e1n detr\u00e1s de todas estas cosas<\/strong>, la cooperativa de luz con el gobierno de Galli es vergonzante, no solo utilizan una pr\u00e1ctica realmente discutible desde lo \u00e9tico, sino que son absolutamente descarados\u201d se quej\u00f3 <strong>Guillermo Santell\u00e1n<\/strong>, presidente del interbloque.<\/p>\n<p>&nbsp;<\/p>\n<p>Por \u00faltimo<strong> Garc\u00eda<\/strong> sostuvo: \u201c<strong>Me parece lamentable que este cuerpo no exija a la cooperativa cumplir con la ordenanza que se sancion\u00f3 en este recinto<\/strong>. La ordenanza aprobada en diciembre es clara y hace referencia a la eliminaci\u00f3n de aquellas contribuciones que no tienen relaci\u00f3n con la tarifa y deb\u00eda entrar en vigencia una vez sancionada. M\u00e1s del 50% de la factura de agua <strong>son cargos por contribuciones que en enero deber\u00edan haber sido eliminadas<\/strong>\u201d.<\/p>\n<p>&nbsp;<\/p>\n<p><img data-recalc-dims=\"1\" loading=\"lazy\" decoding=\"async\" class=\"aligncenter wp-image-15922 size-full\" src=\"https:\/\/i0.wp.com\/cdnoticias.com\/wp-content\/uploads\/2021\/03\/HCDsesion05.jpg?resize=800%2C445&#038;ssl=1\" alt=\"\" width=\"800\" height=\"445\" srcset=\"https:\/\/i0.wp.com\/cdnoticias.com\/wp-content\/uploads\/2021\/03\/HCDsesion05.jpg?w=800&amp;ssl=1 800w, https:\/\/i0.wp.com\/cdnoticias.com\/wp-content\/uploads\/2021\/03\/HCDsesion05.jpg?resize=300%2C167&amp;ssl=1 300w, https:\/\/i0.wp.com\/cdnoticias.com\/wp-content\/uploads\/2021\/03\/HCDsesion05.jpg?resize=768%2C427&amp;ssl=1 768w\" sizes=\"auto, (max-width: 800px) 100vw, 800px\" \/><\/p>\n<p>&nbsp;<\/p>\n<p>En el debate tambi\u00e9n intervinieron los concejales Celeste Arouxet (Radicales en Juntos por el Cambio) y Mart\u00edn Lastape (UCR).<\/p>\n<p>&nbsp;<\/p>\n<p>La primera apunt\u00f3 a la solicitud que ella misma<strong> impuls\u00f3 recientemente para que se reabra la comisi\u00f3n especial del agua, que trabaj\u00f3 durante 2020<\/strong>, a fin de analizar este tema y tambi\u00e9n los gastos e ingresos del Fondo de Obras de Infraestructura.<\/p>\n<p>&nbsp;<\/p>\n<p>En tanto Lastape se refiri\u00f3 a un proyecto que present\u00f3 y que a\u00fan no fue tratado, vinculado con la<strong> creaci\u00f3n de un organismos de control de concesiones municipales<\/strong>.<\/p>\n","protected":false},"excerpt":{"rendered":"<p>Fue en la sesi\u00f3n de este jueves. El interbloque Frente de Todos consider\u00f3 que la cooperativa incumple con la ordenanza<\/p>\n","protected":false},"author":4,"featured_media":15923,"comment_status":"closed","ping_status":"closed","sticky":false,"template":"","format":"standard","meta":{"_jetpack_memberships_contains_paid_content":false,"footnotes":""},"categories":[4,1],"tags":[],"class_list":["post-15918","post","type-post","status-publish","format-standard","has-post-thumbnail","hentry","category-politica","category-portada"],"jetpack_featured_media_url":"https:\/\/i0.wp.com\/cdnoticias.com\/wp-content\/uploads\/2021\/03\/HCDsesion00.jpg?fit=800%2C445&ssl=1","jetpack_sharing_enabled":true,"_links":{"self":[{"href":"https:\/\/cdnoticias.com\/index.php\/wp-json\/wp\/v2\/posts\/15918","targetHints":{"allow":["GET"]}}],"collection":[{"href":"https:\/\/cdnoticias.com\/index.php\/wp-json\/wp\/v2\/posts"}],"about":[{"href":"https:\/\/cdnoticias.com\/index.php\/wp-json\/wp\/v2\/types\/post"}],"author":[{"embeddable":true,"href":"https:\/\/cdnoticias.com\/index.php\/wp-json\/wp\/v2\/users\/4"}],"replies":[{"embeddable":true,"href":"https:\/\/cdnoticias.com\/index.php\/wp-json\/wp\/v2\/comments?post=15918"}],"version-history":[{"count":0,"href":"https:\/\/cdnoticias.com\/index.php\/wp-json\/wp\/v2\/posts\/15918\/revisions"}],"wp:featuredmedia":[{"embeddable":true,"href":"https:\/\/cdnoticias.com\/index.php\/wp-json\/wp\/v2\/media\/15923"}],"wp:attachment":[{"href":"https:\/\/cdnoticias.com\/index.php\/wp-json\/wp\/v2\/media?parent=15918"}],"wp:term":[{"taxonomy":"category","embeddable":true,"href":"https:\/\/cdnoticias.com\/index.php\/wp-json\/wp\/v2\/categories?post=15918"},{"taxonomy":"post_tag","embeddable":true,"href":"https:\/\/cdnoticias.com\/index.php\/wp-json\/wp\/v2\/tags?post=15918"}],"curies":[{"name":"wp","href":"https:\/\/api.w.org\/{rel}","templated":true}]}}