{"id":15873,"date":"2021-03-11T08:09:39","date_gmt":"2021-03-11T11:09:39","guid":{"rendered":"http:\/\/www.centraldenoticias.com.ar\/?p=15873"},"modified":"2021-03-11T11:05:42","modified_gmt":"2021-03-11T14:05:42","slug":"a-4-anos-del-recital-del-indio-duele-demasiado-pasa-el-tiempo-y-duele-mas","status":"publish","type":"post","link":"https:\/\/cdnoticias.com\/index.php\/2021\/03\/11\/a-4-anos-del-recital-del-indio-duele-demasiado-pasa-el-tiempo-y-duele-mas\/","title":{"rendered":"A 4 a\u00f1os del recital del Indio: \u201cDuele demasiado, pasa el tiempo y duele m\u00e1s\u201d"},"content":{"rendered":"<p>Central de Noticias dialog\u00f3 con las parejas de las dos v\u00edctimas fatales. La causa, mientras tanto, se encuentra en la etapa de recepci\u00f3n de prueba en el Juzgado Correccional local.<!--more--><\/p>\n<hr \/>\n<p><em>Por <a href=\"https:\/\/twitter.com\/nachocerdera\" target=\"_blank\" rel=\"noopener\">Nacho Cerdera<\/a><\/em><\/p>\n<p><em>(Del staff de Central de Noticias)<\/em><\/p>\n<p>&nbsp;<\/p>\n<p><strong>\u201cSaber eso me hizo un poco mal\u201d<\/strong>. Los t\u00e9rminos y procesos legales pueden a veces enmara\u00f1ar, m\u00e1s cuando se entrecruzan con las expectativas y deseos de las partes implicadas. Como sucede marzo a marzo desde hace ya un par de a\u00f1os, las conversaciones retoman fluidez y las consultas por el estado de la causa judicial por la muerte de su pareja se hacen algo m\u00e1s frecuentes. <strong>Mariana, desde Gar\u00edn, quiere saber qu\u00e9 sucede en Olavarr\u00eda con la investigaci\u00f3n que pretende dilucidar condiciones y, m\u00e1s a\u00fan, responsabilidades sobre la muerte de Juan Bulacio, su compa\u00f1ero de la vida y una de las dos v\u00edctimas fatales en el marco del recital del Indio Solari en los Fundamentalistas del Aire Acondicionado, del cual en la noche de este jueves se cumplir\u00e1n ya 4 a\u00f1os.<\/strong><\/p>\n<p>&nbsp;<\/p>\n<p>La conversaci\u00f3n avanza y all\u00ed se entera que la causa <a href=\"https:\/\/cdnoticias.com\/index.php\/2021\/02\/15\/la-causa-judicial-por-las-muertes-en-el-recital-del-indio-solari-ya-se-encuentra-en-el-juzgado-correccional-local\/\" target=\"_blank\" rel=\"noopener\">qued\u00f3 radicada finalmente en el Juzgado Correccional local<\/a>, lo cual acota bastante sus expectativas en cuanto a los posibles montos de pena a los que pueden llegar a ser sometidos los acusados. Su intenci\u00f3n y la de los abogados que la representan, adem\u00e1s de la querella liderada en el \u00faltimo tramo de la instrucci\u00f3n por el fiscal tandilense Ignacio Calonje, era que los hechos fueran encuadrados como \u201cestrago\u201d, sin embargo <a href=\"https:\/\/cdnoticias.com\/index.php\/2020\/12\/02\/casacion-confirmo-la-elevacion-a-juicio-de-la-causa-por-el-recital-del-indio-en-olavarria\/\" target=\"_blank\" rel=\"noopener\">el Tribunal de Casaci\u00f3n Penal ratific\u00f3 la tipificaci\u00f3n por \u201chomicidio culposo -dos hechos-\u201d y \u201clesiones culposas -ocho hechos-\u201d<\/a>, lo que alej\u00f3 la instancia de debate del fuero Criminal. <strong>\u201cNo es justicia para m\u00ed\u201d<\/strong>, agreg\u00f3.<\/p>\n<p>&nbsp;<\/p>\n<blockquote><p><strong><em>Central de Noticias<\/em><\/strong> logr\u00f3 conocer que las partes ya iniciaron la etapa de ofrecimiento de prueba, es decir los elementos y evidencias con los que van a contar durante el juicio<\/p><\/blockquote>\n<p>&nbsp;<\/p>\n<p><strong>\u201cUno va esperando y pensando que en un tiempo va a llegar el momento en el que estas personas caen, pero no es as\u00ed\u201d<\/strong>, se lament\u00f3 a medida que repasaba el derrotero y calvario que les toc\u00f3 atravesar estos \u00faltimos tiempos. A la p\u00e9rdida de su pareja y padre de sus 4 hijos, tambi\u00e9n se sumaron severas complicaciones laborales que se agudizaron con la pandemia, con hijos adolescentes que no pudieron darle continuidad a sus estudios por no tener acceso a la conectividad y con un testeo positivos de Coronavirus que trajo aparejado complicaciones en su salud. <strong>\u201cGracias a ellos yo vivo\u201d, enfatiz\u00f3 Mariana poniendo el acento en sus hijos, el motor y motivo de su vida, tal cual agreg\u00f3 segundos despu\u00e9s.<\/strong><\/p>\n<p>&nbsp;<\/p>\n<p>\u201cNo miraba para atr\u00e1s, no miraba lo que iba dejando\u201d, grafic\u00f3 y ahond\u00f3 en c\u00f3mo la depresi\u00f3n fue deteriorando todo a su paso. Sin embargo, gracias al acompa\u00f1amiento de sus hijos y de profesionales dispuestos desde el municipio de Escobar es que pudo salir adelante. Ahora las expectativas y esfuerzos los focaliza en el juicio del que a\u00fan se desconoce la fecha, pero del que se mantiene actualizada mediante el contacto con sus abogados, el que pudo retomar reci\u00e9n en las \u00faltimas semanas al poder volver a tener un tel\u00e9fono celular con saldo y datos.<strong> \u201cDuele demasiado, pasa el tiempo y duele m\u00e1s\u201d<\/strong>, continu\u00f3.<\/p>\n<p>&nbsp;<\/p>\n<p>&nbsp;<\/p>\n<figure id=\"attachment_15877\" aria-describedby=\"caption-attachment-15877\" style=\"width: 787px\" class=\"wp-caption alignnone\"><img data-recalc-dims=\"1\" loading=\"lazy\" decoding=\"async\" class=\"wp-image-15877 size-full\" src=\"https:\/\/i0.wp.com\/cdnoticias.com\/wp-content\/uploads\/2021\/03\/plc-bulacio03.jpg?resize=787%2C657&#038;ssl=1\" alt=\"\" width=\"787\" height=\"657\" srcset=\"https:\/\/i0.wp.com\/cdnoticias.com\/wp-content\/uploads\/2021\/03\/plc-bulacio03.jpg?w=787&amp;ssl=1 787w, https:\/\/i0.wp.com\/cdnoticias.com\/wp-content\/uploads\/2021\/03\/plc-bulacio03.jpg?resize=300%2C250&amp;ssl=1 300w, https:\/\/i0.wp.com\/cdnoticias.com\/wp-content\/uploads\/2021\/03\/plc-bulacio03.jpg?resize=768%2C641&amp;ssl=1 768w\" sizes=\"auto, (max-width: 787px) 100vw, 787px\" \/><figcaption id=\"caption-attachment-15877\" class=\"wp-caption-text\">Juan Bulacio en Olavarr\u00eda, en la previa del recital. <em>Foto Gentileza Mariana Bulacio<\/em><\/figcaption><\/figure>\n<p>&nbsp;<\/p>\n<p>Aquel d\u00eda de marzo sigue grabado en su retina. <strong>\u201cNo lo hubiera dejado ir, lo hubiera agarrado de los pies\u201d<\/strong>, se lament\u00f3 y narr\u00f3 que reci\u00e9n despu\u00e9s de la muerte de Juan comenz\u00f3 a ver im\u00e1genes de recitales tanto del Indio en su etapa solista como en los Redonditos de Ricota. All\u00ed se asombr\u00f3 del mar de gente y de las condiciones en las que se realizaban esos espect\u00e1culos. <strong>\u201c\u00c9l no vio el peligro\u201d<\/strong>, agreg\u00f3 a medida que daba cuenta de que era el segundo recital al que concurr\u00eda, el primero hab\u00eda sido poco antes en Tandil.<\/p>\n<p>&nbsp;<\/p>\n<p><strong>Al Indio lo menciona como \u201cesta persona\u201d, inclusive en algunas ocasiones tambi\u00e9n lo desliga de esa condici\u00f3n. Le reprocha que nunca se comunic\u00f3 con ellos, pero inmediatamente aclara que tampoco necesita de ese gesto<\/strong>. \u201cSe muri\u00f3 enfrente de \u00e9l\u201d, le cuestiona y acusa de que \u201csi lo hubieran cuidado\u201d hoy lo tendr\u00eda con vida. \u201cTen\u00eda 36 a\u00f1os, toda una vida por delante\u201d, culmin\u00f3.<\/p>\n<p>&nbsp;<\/p>\n<blockquote><p>Mi vida es un caos, un infierno, cada fecha como esta es horrible<\/p><\/blockquote>\n<p>&nbsp;<\/p>\n<p>La segunda v\u00edctima fatal fue Javier De Le\u00f3n. Desde este portal tambi\u00e9n se estableci\u00f3 contacto con quien era su pareja, Mar\u00eda Jos\u00e9. \u201cMucho para decir no tengo estamos como antes, s\u00f3lo espero que en el transcurso del juicio se modifique algo\u201d, expres\u00f3. <strong>\u201cTengo fe en que se revierta en el juicio\u201d<\/strong>, concluy\u00f3.<\/p>\n","protected":false},"excerpt":{"rendered":"<p>Central de Noticias dialog\u00f3 con las parejas de las dos v\u00edctimas fatales. La causa, mientras tanto, se encuentra en la<\/p>\n","protected":false},"author":3,"featured_media":15876,"comment_status":"closed","ping_status":"closed","sticky":false,"template":"","format":"standard","meta":{"_jetpack_memberships_contains_paid_content":false,"footnotes":""},"categories":[14,1],"tags":[],"class_list":["post-15873","post","type-post","status-publish","format-standard","has-post-thumbnail","hentry","category-policiales","category-portada"],"jetpack_featured_media_url":"https:\/\/i0.wp.com\/cdnoticias.com\/wp-content\/uploads\/2021\/03\/bulacio-portada.jpg?fit=800%2C445&ssl=1","jetpack_sharing_enabled":true,"_links":{"self":[{"href":"https:\/\/cdnoticias.com\/index.php\/wp-json\/wp\/v2\/posts\/15873","targetHints":{"allow":["GET"]}}],"collection":[{"href":"https:\/\/cdnoticias.com\/index.php\/wp-json\/wp\/v2\/posts"}],"about":[{"href":"https:\/\/cdnoticias.com\/index.php\/wp-json\/wp\/v2\/types\/post"}],"author":[{"embeddable":true,"href":"https:\/\/cdnoticias.com\/index.php\/wp-json\/wp\/v2\/users\/3"}],"replies":[{"embeddable":true,"href":"https:\/\/cdnoticias.com\/index.php\/wp-json\/wp\/v2\/comments?post=15873"}],"version-history":[{"count":0,"href":"https:\/\/cdnoticias.com\/index.php\/wp-json\/wp\/v2\/posts\/15873\/revisions"}],"wp:featuredmedia":[{"embeddable":true,"href":"https:\/\/cdnoticias.com\/index.php\/wp-json\/wp\/v2\/media\/15876"}],"wp:attachment":[{"href":"https:\/\/cdnoticias.com\/index.php\/wp-json\/wp\/v2\/media?parent=15873"}],"wp:term":[{"taxonomy":"category","embeddable":true,"href":"https:\/\/cdnoticias.com\/index.php\/wp-json\/wp\/v2\/categories?post=15873"},{"taxonomy":"post_tag","embeddable":true,"href":"https:\/\/cdnoticias.com\/index.php\/wp-json\/wp\/v2\/tags?post=15873"}],"curies":[{"name":"wp","href":"https:\/\/api.w.org\/{rel}","templated":true}]}}